{"id":6463,"date":"2024-10-18T06:59:45","date_gmt":"2024-10-18T06:59:45","guid":{"rendered":"https:\/\/www.peregrino.online\/non-categorizzato\/traghetto-caminha-a-pasaxe\/"},"modified":"2026-01-29T17:58:49","modified_gmt":"2026-01-29T17:58:49","slug":"traghetto-caminha-a-pasaxe","status":"publish","type":"post","link":"https:\/\/www.peregrino.online\/it\/cammino-portoghese-costa\/etapas\/traghetto-caminha-a-pasaxe\/","title":{"rendered":"Traghetto Caminha-A Pasaxe"},"content":{"rendered":"<div id=\"pl-6463\"  class=\"panel-layout\" ><div id=\"pg-6463-0\"  class=\"panel-grid panel-no-style\" ><div id=\"pgc-6463-0-0\"  class=\"panel-grid-cell\" ><div id=\"panel-6463-0-0-0\" class=\"so-panel widget widget_sow-editor panel-first-child panel-last-child extendedwopts-hide extendedwopts-tablet extendedwopts-mobile widgetopts-SO\" data-index=\"0\" ><div\n\t\t\t\n\t\t\tclass=\"so-widget-sow-editor so-widget-sow-editor-base\"\n\t\t\t\n\t\t>\n<div class=\"siteorigin-widget-tinymce textwidget\">\n\t<p><a href=\"https:\/\/www.peregrino.online\/it\/cammini-di-santiago\/cammino-portoghese-costa\/4-viana-do-castelo-caminha\/\">&lt;&lt;&lt;  4.Viana do Castelo-Caminha<\/a><\/p>\n<\/div>\n<\/div><\/div><\/div><div id=\"pgc-6463-0-1\"  class=\"panel-grid-cell\" ><div id=\"panel-6463-0-1-0\" class=\"so-panel widget widget_sow-editor panel-first-child panel-last-child extendedwopts-hide extendedwopts-tablet extendedwopts-mobile widgetopts-SO\" data-index=\"1\" ><div\n\t\t\t\n\t\t\tclass=\"so-widget-sow-editor so-widget-sow-editor-base\"\n\t\t\t\n\t\t>\n<div class=\"siteorigin-widget-tinymce textwidget\">\n\t<h3 style=\"text-align: center;\"><a href=\"https:\/\/www.peregrino.online\/it\/camino-portugues-central-costa\/\">Cammino Portoghese Costa<\/a><\/h3>\n<\/div>\n<\/div><\/div><\/div><div id=\"pgc-6463-0-2\"  class=\"panel-grid-cell\" ><div id=\"panel-6463-0-2-0\" class=\"so-panel widget widget_sow-editor panel-first-child panel-last-child extendedwopts-hide extendedwopts-tablet extendedwopts-mobile widgetopts-SO\" data-index=\"2\" ><div\n\t\t\t\n\t\t\tclass=\"so-widget-sow-editor so-widget-sow-editor-base\"\n\t\t\t\n\t\t>\n<div class=\"siteorigin-widget-tinymce textwidget\">\n\t<p style=\"text-align: right;\"><a href=\"https:\/\/www.peregrino.online\/caminos-de-santiago\/camino-portugues-costa\/5-a-pasaxe-baiona\/\">5.A Pasaxe-Baiona  &gt;&gt;&gt;<\/a><\/p>\n<\/div>\n<\/div><\/div><\/div><\/div><div id=\"pg-6463-1\"  class=\"panel-grid panel-no-style\" ><div id=\"pgc-6463-1-0\"  class=\"panel-grid-cell\" ><div id=\"panel-6463-1-0-0\" class=\"so-panel widget widget_sow-editor panel-first-child extendedwopts-hide extendedwopts-desktop widgetopts-SO\" data-index=\"3\" ><div\n\t\t\t\n\t\t\tclass=\"so-widget-sow-editor so-widget-sow-editor-base\"\n\t\t\t\n\t\t>\n<div class=\"siteorigin-widget-tinymce textwidget\">\n\t<p><\/a><\/h3>\n<\/div>\n<\/div><\/div><div id=\"panel-6463-1-0-1\" class=\"so-panel widget widget_sow-editor panel-last-child extendedwopts-hide extendedwopts-desktop widgetopts-SO\" data-index=\"4\" ><div\n\t\t\t\n\t\t\tclass=\"so-widget-sow-editor so-widget-sow-editor-base\"\n\t\t\t\n\t\t>\n<div class=\"siteorigin-widget-tinymce textwidget\">\n\t<div style=\"display: flex; justify-content: space-between; align-items: center; width: 100%;\">\n<p><!-- Flechas <<<alineadas completamente a la izquierda --><\/p>\n<div style=\"flex: 1; text-align: left;\"><a style=\"text-decoration: none;\" href=\"https:\/\/www.peregrino.online\/it\/cammini-di-santiago\/cammino-portoghese-costa\/4-viana-do-castelo-caminha\/\">&lt;&lt;&lt;4.<\/a><\/div>\n<p><!-- Palabra ETAPA centrada con un enlace --><\/p>\n<div style=\"flex: 1; text-align: center;\"><a style=\"text-decoration: none;\" href=\"https:\/\/www.peregrino.online\/it\/camino-portugues-central-costa\/\"><\/a><\/div>\n<p><!-- Flechas>>> alineadas completamente a la derecha --><\/p>\n<div style=\"flex: 1; text-align: right;\"><a style=\"text-decoration: none;\" href=\"https:\/\/www.peregrino.online\/caminos-de-santiago\/camino-portugues-costa\/5-a-pasaxe-baiona\/\">5.&gt;&gt;&gt;<\/a><\/div>\n<\/div>\n<p>&nbsp;<\/p>\n<\/div>\n<\/div><\/div><\/div><\/div><div id=\"pg-6463-2\"  class=\"panel-grid panel-no-style\" ><div id=\"pgc-6463-2-0\"  class=\"panel-grid-cell\" ><div id=\"panel-6463-2-0-0\" class=\"so-panel widget widget_sow-editor panel-first-child widgetopts-SO\" data-index=\"5\" ><div\n\t\t\t\n\t\t\tclass=\"so-widget-sow-editor so-widget-sow-editor-base\"\n\t\t\t\n\t\t>\n<div class=\"siteorigin-widget-tinymce textwidget\">\n\t<h2 class=\"etapa-heading\">Traghetto Caminha-A Pasaxe<\/h2>\n<\/div>\n<\/div><\/div><div id=\"panel-6463-2-0-1\" class=\"so-panel widget widget_sow-editor panel-last-child widgetopts-SO\" data-index=\"6\" ><div\n\t\t\t\n\t\t\tclass=\"so-widget-sow-editor so-widget-sow-editor-base\"\n\t\t\t\n\t\t>\n<div class=\"siteorigin-widget-tinymce textwidget\">\n\t<p><iframe loading=\"lazy\" src=\"https:\/\/www.google.com\/maps\/d\/embed?mid=1RUAI8pgc3g1f-rS_iMbe54t1A8smPjCG&amp;ehbc=2E312F\" width=\"1000\" height=\"480\"><\/iframe><\/p>\n<\/div>\n<\/div><\/div><\/div><\/div><div id=\"pg-6463-3\"  class=\"panel-grid panel-no-style\" ><div id=\"pgc-6463-3-0\"  class=\"panel-grid-cell panel-grid-cell-empty\" ><\/div><div id=\"pgc-6463-3-1\"  class=\"panel-grid-cell\" ><div id=\"panel-6463-3-1-0\" class=\"so-panel widget widget_sow-editor panel-first-child widgetopts-SO\" data-index=\"7\" ><div\n\t\t\t\n\t\t\tclass=\"so-widget-sow-editor so-widget-sow-editor-base\"\n\t\t\t\n\t\t>\n<div class=\"siteorigin-widget-tinymce textwidget\">\n\t<p style=\"text-align: justify;\">Il trasporto tra la costa del Portogallo e la costa della Spagna \u00e8 offerto dalla compagnia Xacobeo Transfer<\/p>\n<p style=\"text-align: justify;\">La prima barca parte alle 7:30 (ora portoghese) da Caminha (vedi mappa). Ogni mezz'ora parte dalla costa portoghese e ogni ora torna dalla costa spagnola alla costa portoghese<\/p>\n<p style=\"text-align: justify;\">C'\u00e8 una pausa pranzo tra le 12:30 e le 14:30. L'ultimo viaggio della mattina dal Portogallo alla Spagna \u00e8 alle 12:30. Ma se c'\u00e8 qualcuno sul lato spagnolo alle 12:45, verr\u00e0 riportato indietro. Poi alle 14:30 il servizio riprende fino alle 18:30, quando viene effettuato l'ultimo viaggio, tornando con quelli che aspettano alle 19:00 (tutti gli orari sono portoghesi)<\/p>\n<p style=\"text-align: justify;\">A seconda della marea, il viaggio verr\u00e0 effettuato con una barca elettrica pi\u00f9 grande o con una barca pi\u00f9 piccola (vedi foto)<\/p>\n<p style=\"text-align: justify;\"><b>Prezzo<\/b>: 6\u20ac \u00c8 possibile prenotare online o pagare in contanti sulla barca. (Se andate con una bicicletta, vi verranno addebitati 2\u20ac in pi\u00f9 per la bicicletta, 8\u20ac in totale).<\/p>\n<div><a href=\"https:\/\/xacobeotransfer.com\/es\/home_es\/\" class=\"ui-btn ui-corner-all ui-shadow\">Xacobeo Transfer<\/a><\/div>\n<\/div>\n<\/div><\/div><div id=\"panel-6463-3-1-1\" class=\"so-panel widget widget_sow-editor widgetopts-SO\" data-index=\"8\" ><div\n\t\t\t\n\t\t\tclass=\"so-widget-sow-editor so-widget-sow-editor-base\"\n\t\t\t\n\t\t>\n<div class=\"siteorigin-widget-tinymce textwidget\">\n\t<h3 style=\"text-align: center;\">Foto<\/h3>\n<\/div>\n<\/div><\/div><div id=\"panel-6463-3-1-2\" class=\"so-panel widget widget_sow-editor panel-last-child widgetopts-SO\" data-index=\"9\" ><div\n\t\t\t\n\t\t\tclass=\"so-widget-sow-editor so-widget-sow-editor-base\"\n\t\t\t\n\t\t>\n<div class=\"siteorigin-widget-tinymce textwidget\">\n\t<\/p>\n<p><center><img decoding=\"async\" src=\"https:\/\/peregrino.online\/camino-de-santiago\/portuguescosta\/fotos\/ferry\/1.jpg\"><\/center>&nbsp;<\/p>\n<p><center><img decoding=\"async\" src=\"https:\/\/peregrino.online\/camino-de-santiago\/portuguescosta\/fotos\/ferry\/2.jpg\"><\/center>&nbsp;<\/p>\n<p><center><img decoding=\"async\" src=\"https:\/\/peregrino.online\/camino-de-santiago\/portuguescosta\/fotos\/ferry\/3.jpg\"><\/center>&nbsp;<\/p>\n<p><center><img decoding=\"async\" src=\"https:\/\/peregrino.online\/camino-de-santiago\/portuguescosta\/fotos\/ferry\/4.jpg\"><\/center>&nbsp;<\/p>\n<p><center><img decoding=\"async\" src=\"https:\/\/peregrino.online\/camino-de-santiago\/portuguescosta\/fotos\/ferry\/5.jpg\"><\/center><\/p>\n<\/div>\n<\/div><\/div><\/div><\/div><\/div>","protected":false},"excerpt":{"rendered":"<p>&lt;&lt;&lt; 4.Viana do Castelo-Caminha Cammino Portoghese Costa 5.A Pasaxe-Baiona &gt;&gt;&gt; &lt;&lt;&lt;4. 5.&gt;&gt;&gt; &nbsp;<\/p>\n","protected":false},"author":1,"featured_media":0,"comment_status":"closed","ping_status":"closed","sticky":false,"template":"","format":"standard","meta":{"footnotes":""},"categories":[279],"tags":[],"class_list":["post-6463","post","type-post","status-publish","format-standard","hentry","category-cammino-portoghese-costa"],"_links":{"self":[{"href":"https:\/\/www.peregrino.online\/it\/wp-json\/wp\/v2\/posts\/6463","targetHints":{"allow":["GET"]}}],"collection":[{"href":"https:\/\/www.peregrino.online\/it\/wp-json\/wp\/v2\/posts"}],"about":[{"href":"https:\/\/www.peregrino.online\/it\/wp-json\/wp\/v2\/types\/post"}],"author":[{"embeddable":true,"href":"https:\/\/www.peregrino.online\/it\/wp-json\/wp\/v2\/users\/1"}],"replies":[{"embeddable":true,"href":"https:\/\/www.peregrino.online\/it\/wp-json\/wp\/v2\/comments?post=6463"}],"version-history":[{"count":0,"href":"https:\/\/www.peregrino.online\/it\/wp-json\/wp\/v2\/posts\/6463\/revisions"}],"wp:attachment":[{"href":"https:\/\/www.peregrino.online\/it\/wp-json\/wp\/v2\/media?parent=6463"}],"wp:term":[{"taxonomy":"category","embeddable":true,"href":"https:\/\/www.peregrino.online\/it\/wp-json\/wp\/v2\/categories?post=6463"},{"taxonomy":"post_tag","embeddable":true,"href":"https:\/\/www.peregrino.online\/it\/wp-json\/wp\/v2\/tags?post=6463"}],"curies":[{"name":"wp","href":"https:\/\/api.w.org\/{rel}","templated":true}]}}