{"id":45066,"date":"2026-08-31T05:51:18","date_gmt":"2026-08-31T05:51:18","guid":{"rendered":"https:\/\/www.peregrino.online\/?p=45066"},"modified":"2026-08-31T11:02:10","modified_gmt":"2026-08-31T11:02:10","slug":"2-armenteira-vilanova-de-arousa","status":"publish","type":"post","link":"https:\/\/www.peregrino.online\/it\/cammino-portoghese-centrale-costa\/etapas\/spirituale-2-armenteira-vilanova-de-arousa\/","title":{"rendered":"2.Armenteira-Vilanova de Arousa"},"content":{"rendered":"<div id=\"pl-45066\"  class=\"panel-layout\" ><div id=\"pg-45066-0\"  class=\"panel-grid panel-no-style\" ><div id=\"pgc-45066-0-0\"  class=\"panel-grid-cell\" ><div id=\"panel-45066-0-0-0\" class=\"so-panel widget widget_sow-editor panel-first-child panel-last-child widgetopts-SO\" data-index=\"0\" ><div\n\t\t\t\n\t\t\tclass=\"so-widget-sow-editor so-widget-sow-editor-base\"\n\t\t\t\n\t\t>\n<div class=\"siteorigin-widget-tinymce textwidget\">\n\t<p><a href=\"https:\/\/www.peregrino.online\/it\/cammino-portoghese-centrale-costa\/etapas\/spirituale-1-pontevedra-armenteira\/\">&lt;&lt;&lt; 1.Pontevedra-Armenteira<\/a><\/p>\n<\/div>\n<\/div><\/div><\/div><div id=\"pgc-45066-0-1\"  class=\"panel-grid-cell\" ><div id=\"panel-45066-0-1-0\" class=\"so-panel widget widget_sow-editor panel-first-child panel-last-child widgetopts-SO\" data-index=\"1\" ><div\n\t\t\t\n\t\t\tclass=\"so-widget-sow-editor so-widget-sow-editor-base\"\n\t\t\t\n\t\t>\n<div class=\"siteorigin-widget-tinymce textwidget\">\n\t<h3 style=\"text-align: center;\"><a href=\"https:\/\/www.peregrino.online\/it\/camino-portugues-central-costa\/\">Cammino Portoghese<\/a><\/h3>\n<\/div>\n<\/div><\/div><\/div><div id=\"pgc-45066-0-2\"  class=\"panel-grid-cell\" ><div id=\"panel-45066-0-2-0\" class=\"so-panel widget widget_sow-editor panel-first-child widgetopts-SO\" data-index=\"2\" ><div\n\t\t\t\n\t\t\tclass=\"so-widget-sow-editor so-widget-sow-editor-base\"\n\t\t\t\n\t\t>\n<div class=\"siteorigin-widget-tinymce textwidget\">\n\t<p style=\"text-align: right;\"><a href=\"https:\/\/www.peregrino.online\/it\/cammino-portoghese-centrale-costa\/etapas\/spirituale-3-vilanova-de-arousa-pontecesures\/\">3.Vilanova de Arousa-Pontecesures &gt;&gt;&gt;<\/a><\/p>\n<\/div>\n<\/div><\/div><div id=\"panel-45066-0-2-1\" class=\"so-panel widget widget_sow-editor panel-last-child widgetopts-SO\" data-index=\"3\" ><div\n\t\t\t\n\t\t\tclass=\"so-widget-sow-editor so-widget-sow-editor-base\"\n\t\t\t\n\t\t>\n<div class=\"siteorigin-widget-tinymce textwidget\">\n\t<p style=\"text-align: right;\"><a href=\"https:\/\/www.peregrino.online\/it\/cammino-portoghese-centrale-costa\/etapas\/spirituale-3-vilanova-de-arousa-pontecesures-barca\/\">3.Vilanova de Arousa-Pontecesures BARCA &gt;&gt;&gt;<\/a><\/p>\n<\/div>\n<\/div><\/div><\/div><\/div><div id=\"pg-45066-1\"  class=\"panel-grid panel-no-style\" ><div id=\"pgc-45066-1-0\"  class=\"panel-grid-cell\" ><div id=\"panel-45066-1-0-0\" class=\"so-panel widget widget_sow-editor panel-first-child\" data-index=\"4\" ><div\n\t\t\t\n\t\t\tclass=\"so-widget-sow-editor so-widget-sow-editor-base\"\n\t\t\t\n\t\t>\n<div class=\"siteorigin-widget-tinymce textwidget\">\n\t<h3 style=\"text-align: center;\"><a href=\"https:\/\/www.peregrino.online\/app-para-android-y-iphone\/\"><\/a><\/h3>\n<\/div>\n<\/div><\/div><div id=\"panel-45066-1-0-1\" class=\"so-panel widget widget_sow-editor panel-last-child widgetopts-SO\" data-index=\"5\" ><div\n\t\t\t\n\t\t\tclass=\"so-widget-sow-editor so-widget-sow-editor-base\"\n\t\t\t\n\t\t>\n<div class=\"siteorigin-widget-tinymce textwidget\">\n\t<div style=\"display: flex; justify-content: space-between; align-items: center; width: 100%;\">\n<div style=\"flex: 1; text-align: left;\"><a style=\"text-decoration: none;\" href=\"https:\/\/www.peregrino.online\/it\/cammino-portoghese-centrale-costa\/etapas\/spirituale-1-pontevedra-armenteira\/\">&lt;&lt;&lt;1.<\/a><\/div>\n<div style=\"flex: 1; text-align: center;\"><a style=\"text-decoration: none;\" href=\"https:\/\/www.peregrino.online\/it\/camino-portugues-central-costa\/\">Cammino Portoghese<\/a><\/div>\n<div style=\"flex: 1; text-align: right;\"><a style=\"text-decoration: none;\" href=\"https:\/\/www.peregrino.online\/it\/cammino-portoghese-centrale-costa\/etapas\/spirituale-3-vilanova-de-arousa-pontecesures\/\">3.&gt;&gt;&gt;<\/a><br \/>\n<a style=\"text-decoration: none;\" href=\"https:\/\/www.peregrino.online\/it\/cammino-portoghese-centrale-costa\/etapas\/spirituale-3-vilanova-de-arousa-pontecesures-barca\/\">3.BARCA&gt;&gt;&gt;<\/a><\/div>\n<\/div>\n<p>&nbsp;<\/p>\n<\/div>\n<\/div><\/div><\/div><\/div><div id=\"pg-45066-2\"  class=\"panel-grid panel-no-style\" ><div id=\"pgc-45066-2-0\"  class=\"panel-grid-cell\" ><div id=\"panel-45066-2-0-0\" class=\"so-panel widget widget_sow-editor panel-first-child widgetopts-SO\" data-index=\"6\" ><div\n\t\t\t\n\t\t\tclass=\"so-widget-sow-editor so-widget-sow-editor-base\"\n\t\t\t\n\t\t>\n<div class=\"siteorigin-widget-tinymce textwidget\">\n\t<h2 class=\"etapa-heading\">Variante Spirituale<\/h2>\n<h2 class=\"etapa-heading\">2.Armenteira-Vilanova de Arousa<\/h2>\n<\/div>\n<\/div><\/div><div id=\"panel-45066-2-0-1\" class=\"so-panel widget widget_sow-editor panel-last-child widgetopts-SO\" data-index=\"7\" ><div\n\t\t\t\n\t\t\tclass=\"so-widget-sow-editor so-widget-sow-editor-base\"\n\t\t\t\n\t\t>\n<div class=\"siteorigin-widget-tinymce textwidget\">\n\t<p><iframe loading=\"lazy\" src=\"https:\/\/www.google.com\/maps\/d\/embed?mid=11ZJKF7a5GZJGQgrbzWlX-hLdYDkSapE\" width=\"1000\" height=\"480\"><\/iframe><\/p>\n<\/div>\n<\/div><\/div><\/div><\/div><div id=\"pg-45066-3\"  class=\"panel-grid panel-no-style\" ><div id=\"pgc-45066-3-0\"  class=\"panel-grid-cell\" ><div id=\"panel-45066-3-0-0\" class=\"so-panel widget widget_sow-editor panel-first-child widgetopts-SO\" data-index=\"8\" ><div\n\t\t\t\n\t\t\tclass=\"so-widget-sow-editor so-widget-sow-editor-base\"\n\t\t\t\n\t\t>\n<div class=\"siteorigin-widget-tinymce textwidget\">\n\t<h3 style=\"text-align: center;\"><strong>Alloggi della tappa<\/strong><\/h3>\n<\/div>\n<\/div><\/div><div id=\"panel-45066-3-0-1\" class=\"widget_text so-panel widget widget_custom_html panel-last-child widgetopts-SO\" data-index=\"9\" ><div class=\"textwidget custom-html-widget\">\n<\/div><\/div><\/div><div id=\"pgc-45066-3-1\"  class=\"panel-grid-cell\" ><div id=\"panel-45066-3-1-0\" class=\"so-panel widget widget_sow-editor panel-first-child\" data-index=\"10\" ><div\n\t\t\t\n\t\t\tclass=\"so-widget-sow-editor so-widget-sow-editor-base\"\n\t\t\t\n\t\t>\n<div class=\"siteorigin-widget-tinymce textwidget\">\n\t<h3 style=\"text-align: center;\">2.Armenteira-Vilanova de Arousa<\/h3>\n<p><img decoding=\"async\" class=\"aligncenter\" style=\"width: 600px; height: 245px;\" src=\"https:\/\/peregrino.online\/camino-de-santiago\/espiritual\/fotos\/inicio\/perfil2.png\" alt=\"2.Armenteira-Vilanova de Arousa\"><\/p>\n<\/div>\n<\/div><\/div><div id=\"panel-45066-3-1-1\" class=\"so-panel widget widget_sow-editor widgetopts-SO\" data-index=\"11\" ><div\n\t\t\t\n\t\t\tclass=\"so-widget-sow-editor so-widget-sow-editor-base\"\n\t\t\t\n\t\t>\n<div class=\"siteorigin-widget-tinymce textwidget\">\n\t<p>                  <center><\/p>\n<h3 class=\"ui-bar ui-bar-a\">Distanze dell\u2019itinerario<\/h3>\n<p><\/center><\/p>\n<p><!--INIZIO DISTANZE DELL\u2019ITINERARIO--> <\/p>\n<p style=\"text-align: justify;\">(1)Armenteira-(2)Barrantes: 0-8,4 km<\/p>\n<p style=\"text-align: justify;\">(2)Barrantes-(3)Pontearnelas: 8,4-12,4 km (4,0 km)<\/p>\n<p style=\"text-align: justify;\">(3)Pontearnelas-(4)Vilanova de Arousa: 12,4-23,0 km (10,6 km)<\/p>\n<p><!--FINE DISTANZE DELL\u2019ITINERARIO-->  <\/p>\n<p>                  <center><\/p>\n<h3 class=\"ui-bar ui-bar-a\">Descrizione<\/h3>\n<p><\/center><\/p>\n<p><!--INIZIO DESCRIZIONE DELLA TAPPA--> <\/p>\n<p style=\"text-align: justify;\">La seconda tappa della Variante Spirituale scende dal monastero di A Armenteira fino alla ria di Arousa. Sebbene sia una giornata lunga, il profilo \u00e8 favorevole e non presenta grandi difficolt\u00e0, fatta eccezione per una salita moderata dopo Ponte Arnelas.<\/p>\n<p style=\"text-align: justify;\">Subito dopo la partenza, il Cammino entra nella Ruta da Pedra e da Auga, uno splendido sentiero che costeggia il fiume Armenteira tra cascate, passerelle, antichi mulini e un rigoglioso bosco ripariale. La roccia \u00e8 spesso umida e pu\u00f2 essere scivolosa, quindi \u00e8 consigliabile procedere con cautela.<\/p>\n<p style=\"text-align: justify;\">Uscendo dal bosco, il paesaggio si apre sui vigneti di albari\u00f1o di O Saln\u00e9s. Il percorso prosegue attraverso Barrantes e Cabanelas, seguendo le rive dei fiumi Armenteira e Umia fino a Ponte Arnelas, un buon luogo per riposare e fare rifornimento.<\/p>\n<p style=\"text-align: justify;\">Da qui, il Cammino sale dolcemente attraverso Tremoedo, tra piccoli villaggi, croci in pietra, fontane e nuovi vigneti. Superato il punto pi\u00f9 alto, inizia la discesa verso la ria di Arousa, che appare in lontananza tra pinete ed eucalipti.<\/p>\n<p style=\"text-align: justify;\">Gli ultimi chilometri costeggiano il mare, sotto il ponte della Illa de Arousa e di fronte alle spiagge di O Terr\u00f3n. Una passerella pedonale conduce infine a Vilanova de Arousa, dove si trova la stazione marittima da cui partono le imbarcazioni della Traslatio dirette a Pontecesures.<\/p>\n<p style=\"text-align: justify;\">\u00c8 una tappa molto varia e piacevole, che inizia tra mulini e cascate, attraversa il paesaggio vitivinicolo di O Saln\u00e9s e termina in riva al mare.<\/p>\n<p style=\"text-align: center;\"><strong>Consigli<\/strong><\/p>\n<p style=\"text-align: justify;\">Per la Ruta da Pedra e da Auga si consigliano calzature con una buona aderenza. Se si prevede di percorrere la tappa successiva in barca, \u00e8 opportuno prenotare in anticipo e confermare l\u2019orario, poich\u00e9 le partenze dipendono dalle maree e dalle condizioni meteorologiche.<\/p>\n<p><!--FINE DESCRIZIONE DELLA TAPPA--><\/p>\n<\/div>\n<\/div><\/div><div id=\"panel-45066-3-1-2\" class=\"so-panel widget widget_sow-editor widgetopts-SO\" data-index=\"12\" ><div\n\t\t\t\n\t\t\tclass=\"so-widget-sow-editor so-widget-sow-editor-base\"\n\t\t\t\n\t\t>\n<div class=\"siteorigin-widget-tinymce textwidget\">\n\t<h3 style=\"text-align: center;\">Foto<\/h3>\n<\/div>\n<\/div><\/div><div id=\"panel-45066-3-1-3\" class=\"so-panel widget widget_sow-editor panel-last-child\" data-index=\"13\" ><div\n\t\t\t\n\t\t\tclass=\"so-widget-sow-editor so-widget-sow-editor-base\"\n\t\t\t\n\t\t>\n<div class=\"siteorigin-widget-tinymce textwidget\">\n\t<p>\t\t    <center><img decoding=\"async\" src=\"https:\/\/peregrino.online\/camino-de-santiago\/espiritual\/fotos\/1\/1Km0,0.jpg\"><\/center><br \/>\n    <center><\/p>\n<h5 class=\"ui-bar ui-bar-a\">1 Km0,0<\/h5>\n<p><\/center><\/p>\n<p>    <center><img decoding=\"async\" src=\"https:\/\/peregrino.online\/camino-de-santiago\/espiritual\/fotos\/1\/2Km0,8.jpg\"><\/center><br \/>\n    <center><\/p>\n<h5 class=\"ui-bar ui-bar-a\">2 Km0,8<\/h5>\n<p><\/center><\/p>\n<p>    <center><img decoding=\"async\" src=\"https:\/\/peregrino.online\/camino-de-santiago\/espiritual\/fotos\/1\/3Km1,2.jpg\"><\/center><br \/>\n    <center><\/p>\n<h5 class=\"ui-bar ui-bar-a\">3 Km1,2<\/h5>\n<p><\/center><\/p>\n<p>    <center><img decoding=\"async\" src=\"https:\/\/peregrino.online\/camino-de-santiago\/espiritual\/fotos\/1\/4Km2,1.jpg\"><\/center><br \/>\n    <center><\/p>\n<h5 class=\"ui-bar ui-bar-a\">4 Km2,1<\/h5>\n<p><\/center><\/p>\n<p>    <center><img decoding=\"async\" src=\"https:\/\/peregrino.online\/camino-de-santiago\/espiritual\/fotos\/1\/5Km2,3.jpg\"><\/center><br \/>\n    <center><\/p>\n<h5 class=\"ui-bar ui-bar-a\">5 Km2,3<\/h5>\n<p><\/center><\/p>\n<p>    <center><img decoding=\"async\" src=\"https:\/\/peregrino.online\/camino-de-santiago\/espiritual\/fotos\/1\/6Km2,9.jpg\"><\/center><br \/>\n    <center><\/p>\n<h5 class=\"ui-bar ui-bar-a\">6 Km2,9<\/h5>\n<p><\/center><\/p>\n<p>    <center><img decoding=\"async\" src=\"https:\/\/peregrino.online\/camino-de-santiago\/espiritual\/fotos\/1\/7Km3,4.jpg\"><\/center><br \/>\n    <center><\/p>\n<h5 class=\"ui-bar ui-bar-a\">7 Km3,4<\/h5>\n<p><\/center><\/p>\n<p>    <center><img decoding=\"async\" src=\"https:\/\/peregrino.online\/camino-de-santiago\/espiritual\/fotos\/1\/8Km3,9.jpg\"><\/center><br \/>\n    <center><\/p>\n<h5 class=\"ui-bar ui-bar-a\">8 Km3,9<\/h5>\n<p><\/center><\/p>\n<p>    <center><img decoding=\"async\" src=\"https:\/\/peregrino.online\/camino-de-santiago\/espiritual\/fotos\/1\/9Km4,7.jpg\"><\/center><br \/>\n    <center><\/p>\n<h5 class=\"ui-bar ui-bar-a\">9 Km4,7<\/h5>\n<p><\/center><\/p>\n<p>    <center><img decoding=\"async\" src=\"https:\/\/peregrino.online\/camino-de-santiago\/espiritual\/fotos\/1\/10Km5,2.jpg\"><\/center><br \/>\n    <center><\/p>\n<h5 class=\"ui-bar ui-bar-a\">10 Km5,2<\/h5>\n<p><\/center><\/p>\n<p>    <center><img decoding=\"async\" src=\"https:\/\/peregrino.online\/camino-de-santiago\/espiritual\/fotos\/1\/11Km6,1.jpg\"><\/center><br \/>\n    <center><\/p>\n<h5 class=\"ui-bar ui-bar-a\">11 Km6,1<\/h5>\n<p><\/center><\/p>\n<p>    <center><img decoding=\"async\" src=\"https:\/\/peregrino.online\/camino-de-santiago\/espiritual\/fotos\/1\/12Km6,6.jpg\"><\/center><br \/>\n    <center><\/p>\n<h5 class=\"ui-bar ui-bar-a\">12 Km6,6<\/h5>\n<p><\/center><\/p>\n<p>    <center><img decoding=\"async\" src=\"https:\/\/peregrino.online\/camino-de-santiago\/espiritual\/fotos\/1\/13Km7,1.jpg\"><\/center><br \/>\n    <center><\/p>\n<h5 class=\"ui-bar ui-bar-a\">13 Km7,1<\/h5>\n<p><\/center><\/p>\n<p>    <center><img decoding=\"async\" src=\"https:\/\/peregrino.online\/camino-de-santiago\/espiritual\/fotos\/1\/14Km8,6.jpg\"><\/center><br \/>\n    <center><\/p>\n<h5 class=\"ui-bar ui-bar-a\">14 Km8,6<\/h5>\n<p><\/center><\/p>\n<p>    <center><img decoding=\"async\" src=\"https:\/\/peregrino.online\/camino-de-santiago\/espiritual\/fotos\/1\/15Km8,9.jpg\"><\/center><br \/>\n    <center><\/p>\n<h5 class=\"ui-bar ui-bar-a\">15 Km8,9<\/h5>\n<p><\/center><\/p>\n<p>    <center><img decoding=\"async\" src=\"https:\/\/peregrino.online\/camino-de-santiago\/espiritual\/fotos\/1\/16Km9,3.jpg\"><\/center><br \/>\n    <center><\/p>\n<h5 class=\"ui-bar ui-bar-a\">16 Km9,3<\/h5>\n<p><\/center><\/p>\n<p>    <center><img decoding=\"async\" src=\"https:\/\/peregrino.online\/camino-de-santiago\/espiritual\/fotos\/1\/17Km10,6.jpg\"><\/center><br \/>\n    <center><\/p>\n<h5 class=\"ui-bar ui-bar-a\">17 Km10,6<\/h5>\n<p><\/center><\/p>\n<p>    <center><img decoding=\"async\" src=\"https:\/\/peregrino.online\/camino-de-santiago\/espiritual\/fotos\/1\/18Km11,6.jpg\"><\/center><br \/>\n    <center><\/p>\n<h5 class=\"ui-bar ui-bar-a\">18 Km11,6<\/h5>\n<p><\/center><\/p>\n<p>    <center><img decoding=\"async\" src=\"https:\/\/peregrino.online\/camino-de-santiago\/espiritual\/fotos\/1\/19Km12,4.jpg\"><\/center><br \/>\n    <center><\/p>\n<h5 class=\"ui-bar ui-bar-a\">19 Km12,4<\/h5>\n<p><\/center><\/p>\n<p>    <center><img decoding=\"async\" src=\"https:\/\/peregrino.online\/camino-de-santiago\/espiritual\/fotos\/1\/20Km13,0.jpg\"><\/center><br \/>\n    <center><\/p>\n<h5 class=\"ui-bar ui-bar-a\">20 Km13,0<\/h5>\n<p><\/center><\/p>\n<p>    <center><img decoding=\"async\" src=\"https:\/\/peregrino.online\/camino-de-santiago\/espiritual\/fotos\/1\/21Km14,0.jpg\"><\/center><br \/>\n    <center><\/p>\n<h5 class=\"ui-bar ui-bar-a\">21 Km14,0<\/h5>\n<p><\/center><\/p>\n<p>    <center><img decoding=\"async\" src=\"https:\/\/peregrino.online\/camino-de-santiago\/espiritual\/fotos\/1\/22Km14,6.jpg\"><\/center><br \/>\n    <center><\/p>\n<h5 class=\"ui-bar ui-bar-a\">22 Km14,6<\/h5>\n<p><\/center><\/p>\n<p>    <center><img decoding=\"async\" src=\"https:\/\/peregrino.online\/camino-de-santiago\/espiritual\/fotos\/1\/23Km16,1.jpg\"><\/center><br \/>\n    <center><\/p>\n<h5 class=\"ui-bar ui-bar-a\">23 Km16,1<\/h5>\n<p><\/center><\/p>\n<p>    <center><img decoding=\"async\" src=\"https:\/\/peregrino.online\/camino-de-santiago\/espiritual\/fotos\/1\/24Km16,5.jpg\"><\/center><br \/>\n    <center><\/p>\n<h5 class=\"ui-bar ui-bar-a\">24 Km16,5<\/h5>\n<p><\/center><\/p>\n<\/div>\n<\/div><\/div><\/div><\/div><\/div>","protected":false},"excerpt":{"rendered":"<p>&lt;&lt;&lt; 1.Pontevedra-Armenteira Cammino Portoghese 3.Vilanova de Arousa-Pontecesures &gt;&gt;&gt; 3.Vilanova de Arousa-Pontecesures BARCA &gt;&gt;&gt; &lt;&lt;&lt;1. Cammino Portoghese 3.&gt;&gt;&gt; 3.BARCA&gt;&gt;&gt; &nbsp;<\/p>\n","protected":false},"author":1,"featured_media":0,"comment_status":"closed","ping_status":"closed","sticky":false,"template":"","format":"standard","meta":{"footnotes":""},"categories":[1021],"tags":[],"class_list":["post-45066","post","type-post","status-publish","format-standard","hentry","category-espiritual"],"_links":{"self":[{"href":"https:\/\/www.peregrino.online\/it\/wp-json\/wp\/v2\/posts\/45066","targetHints":{"allow":["GET"]}}],"collection":[{"href":"https:\/\/www.peregrino.online\/it\/wp-json\/wp\/v2\/posts"}],"about":[{"href":"https:\/\/www.peregrino.online\/it\/wp-json\/wp\/v2\/types\/post"}],"author":[{"embeddable":true,"href":"https:\/\/www.peregrino.online\/it\/wp-json\/wp\/v2\/users\/1"}],"replies":[{"embeddable":true,"href":"https:\/\/www.peregrino.online\/it\/wp-json\/wp\/v2\/comments?post=45066"}],"version-history":[{"count":6,"href":"https:\/\/www.peregrino.online\/it\/wp-json\/wp\/v2\/posts\/45066\/revisions"}],"predecessor-version":[{"id":45313,"href":"https:\/\/www.peregrino.online\/it\/wp-json\/wp\/v2\/posts\/45066\/revisions\/45313"}],"wp:attachment":[{"href":"https:\/\/www.peregrino.online\/it\/wp-json\/wp\/v2\/media?parent=45066"}],"wp:term":[{"taxonomy":"category","embeddable":true,"href":"https:\/\/www.peregrino.online\/it\/wp-json\/wp\/v2\/categories?post=45066"},{"taxonomy":"post_tag","embeddable":true,"href":"https:\/\/www.peregrino.online\/it\/wp-json\/wp\/v2\/tags?post=45066"}],"curies":[{"name":"wp","href":"https:\/\/api.w.org\/{rel}","templated":true}]}}