{"id":13954,"date":"2024-12-26T08:28:06","date_gmt":"2024-12-26T08:28:06","guid":{"rendered":"https:\/\/www.peregrino.online\/non-categorizzato\/10-torremejia-merida\/"},"modified":"2024-12-29T05:31:04","modified_gmt":"2024-12-29T05:31:04","slug":"10-torremejia-merida","status":"publish","type":"post","link":"https:\/\/www.peregrino.online\/it\/via-dellargento\/etapas\/10-torremejia-merida\/","title":{"rendered":"10.Torremej\u00eda\u2013M\u00e9rida"},"content":{"rendered":"<div id=\"pl-13954\"  class=\"panel-layout\" ><div id=\"pg-13954-0\"  class=\"panel-grid panel-no-style\" ><div id=\"pgc-13954-0-0\"  class=\"panel-grid-cell\" ><div id=\"panel-13954-0-0-0\" class=\"so-panel widget widget_sow-editor panel-first-child panel-last-child extendedwopts-hide extendedwopts-tablet extendedwopts-mobile widgetopts-SO\" data-index=\"0\" ><div\n\t\t\t\n\t\t\tclass=\"so-widget-sow-editor so-widget-sow-editor-base\"\n\t\t\t\n\t\t>\n<div class=\"siteorigin-widget-tinymce textwidget\">\n\t<p><a href=\"https:\/\/www.peregrino.online\/it\/cammini-di-santiago\/via-dellargento\/9-villafranca-torremejia\/\">&lt;&lt;&lt; 9.Villafranca-Torremejia<\/a><\/p>\n<\/div>\n<\/div><\/div><\/div><div id=\"pgc-13954-0-1\"  class=\"panel-grid-cell\" ><div id=\"panel-13954-0-1-0\" class=\"so-panel widget widget_sow-editor panel-first-child panel-last-child extendedwopts-hide extendedwopts-tablet extendedwopts-mobile widgetopts-SO\" data-index=\"1\" ><div\n\t\t\t\n\t\t\tclass=\"so-widget-sow-editor so-widget-sow-editor-base\"\n\t\t\t\n\t\t>\n<div class=\"siteorigin-widget-tinymce textwidget\">\n\t<h3 style=\"text-align: center;\"><a href=\"https:\/\/www.peregrino.online\/it\/via-de-la-plata\/\">Via de la Plata<\/a><\/h3>\n<\/div>\n<\/div><\/div><\/div><div id=\"pgc-13954-0-2\"  class=\"panel-grid-cell\" ><div id=\"panel-13954-0-2-0\" class=\"so-panel widget widget_sow-editor panel-first-child panel-last-child extendedwopts-hide extendedwopts-tablet extendedwopts-mobile widgetopts-SO\" data-index=\"2\" ><div\n\t\t\t\n\t\t\tclass=\"so-widget-sow-editor so-widget-sow-editor-base\"\n\t\t\t\n\t\t>\n<div class=\"siteorigin-widget-tinymce textwidget\">\n\t<p style=\"text-align: right;\"><a href=\"https:\/\/www.peregrino.online\/it\/cammini-di-santiago\/via-dellargento\/11-merida-aljucen\/\">11.Merida\u2013Aljucen &gt;&gt;&gt;<\/a><\/p>\n<\/div>\n<\/div><\/div><\/div><\/div><div id=\"pg-13954-1\"  class=\"panel-grid panel-no-style\" ><div id=\"pgc-13954-1-0\"  class=\"panel-grid-cell\" ><div id=\"panel-13954-1-0-0\" class=\"so-panel widget widget_sow-editor panel-first-child extendedwopts-hide extendedwopts-desktop widgetopts-SO\" data-index=\"3\" ><div\n\t\t\t\n\t\t\tclass=\"so-widget-sow-editor so-widget-sow-editor-base\"\n\t\t\t\n\t\t>\n<div class=\"siteorigin-widget-tinymce textwidget\">\n\t<p><\/a><\/h3>\n<\/div>\n<\/div><\/div><div id=\"panel-13954-1-0-1\" class=\"so-panel widget widget_sow-editor panel-last-child extendedwopts-hide extendedwopts-desktop widgetopts-SO\" data-index=\"4\" ><div\n\t\t\t\n\t\t\tclass=\"so-widget-sow-editor so-widget-sow-editor-base\"\n\t\t\t\n\t\t>\n<div class=\"siteorigin-widget-tinymce textwidget\">\n\t<div style=\"display: flex; justify-content: space-between; align-items: center; width: 100%;\">\n<p><!-- Flechas <<<alineadas completamente a la izquierda --><\/alineadas><\/p>\n<div style=\"flex: 1; text-align: left;\"><a style=\"text-decoration: none;\" href=\"https:\/\/www.peregrino.online\/it\/cammini-di-santiago\/via-dellargento\/9-villafranca-torremejia\/\">&lt;&lt;&lt; 9<\/a><\/div>\n<p><!-- Palabra ETAPA centrada con un enlace --><\/p>\n<div style=\"flex: 1; text-align: center;\"><a style=\"text-decoration: none;\" href=\"https:\/\/www.peregrino.online\/it\/via-de-la-plata\/\"><\/a><\/div>\n<p><!-- Flechas>>> alineadas completamente a la derecha --><\/p>\n<div style=\"flex: 1; text-align: right;\"><a style=\"text-decoration: none;\" href=\"https:\/\/www.peregrino.online\/it\/cammini-di-santiago\/via-dellargento\/11-merida-aljucen\/\">11 &gt;&gt;&gt;<\/a><\/div>\n<\/div>\n<p>&nbsp;<\/p>\n<\/div>\n<\/div><\/div><\/div><\/div><div id=\"pg-13954-2\"  class=\"panel-grid panel-no-style\" ><div id=\"pgc-13954-2-0\"  class=\"panel-grid-cell\" ><div id=\"panel-13954-2-0-0\" class=\"so-panel widget widget_sow-editor panel-first-child widgetopts-SO\" data-index=\"5\" ><div\n\t\t\t\n\t\t\tclass=\"so-widget-sow-editor so-widget-sow-editor-base\"\n\t\t\t\n\t\t>\n<div class=\"siteorigin-widget-tinymce textwidget\">\n\t<h2 class=\"etapa-heading\">10.Torremej\u00eda\u2013M\u00e9rida<\/h2>\n<\/div>\n<\/div><\/div><div id=\"panel-13954-2-0-1\" class=\"so-panel widget widget_sow-editor panel-last-child widgetopts-SO\" data-index=\"6\" ><div\n\t\t\t\n\t\t\tclass=\"so-widget-sow-editor so-widget-sow-editor-base\"\n\t\t\t\n\t\t>\n<div class=\"siteorigin-widget-tinymce textwidget\">\n\t<p><iframe loading=\"lazy\" src=\"https:\/\/www.google.com\/maps\/d\/embed?mid=1NTLkFL1vErgr8m_TPYEp82ncEu8&amp;ll\" width=\"1000\" height=\"480\"><\/iframe><\/p>\n<\/div>\n<\/div><\/div><\/div><\/div><div id=\"pg-13954-3\"  class=\"panel-grid panel-no-style\" ><div id=\"pgc-13954-3-0\"  class=\"panel-grid-cell\" ><div id=\"panel-13954-3-0-0\" class=\"so-panel widget widget_sow-editor panel-first-child widgetopts-SO\" data-index=\"7\" ><div\n\t\t\t\n\t\t\tclass=\"so-widget-sow-editor so-widget-sow-editor-base\"\n\t\t\t\n\t\t>\n<div class=\"siteorigin-widget-tinymce textwidget\">\n\t<h3 style=\"text-align: center;\"><strong>Ostelli della tappa<\/strong><\/h3>\n<\/div>\n<\/div><\/div><div id=\"panel-13954-3-0-1\" class=\"widget_text so-panel widget widget_custom_html panel-last-child widgetopts-SO\" data-index=\"8\" ><div class=\"textwidget custom-html-widget\"><div class=\"custom-button-style\"><div class=\"listing-item\"><a class=\"title\" href=\"https:\/\/www.peregrino.online\/it\/via-dellargento\/alojamientos\/albergue-peregrinos-merida\/\">Merida<br>Km 15,7<br>Ostello dei pellegrini<\/a><\/div><div class=\"listing-item\"><a class=\"title\" href=\"https:\/\/www.peregrino.online\/it\/via-dellargento\/alojamientos\/hostal-senero-merida\/\">Merida<br>Fine<br>Hostal Senero<\/a><\/div><div class=\"listing-item\"><a class=\"title\" href=\"https:\/\/www.peregrino.online\/it\/via-dellargento\/alojamientos\/cmdreams-apartamentos-turisticos-merida\/\">Merida<br>Fine<br>CMDreams- Appartamenti turistici<\/a><\/div><div class=\"listing-item\"><a class=\"title\" href=\"https:\/\/www.peregrino.online\/it\/via-dellargento\/alojamientos\/hoteles-merida\/\">Merida<br>Fine<br>Hotel<\/a><\/div><\/div>\n<\/div><\/div><\/div><div id=\"pgc-13954-3-1\"  class=\"panel-grid-cell\" ><div id=\"panel-13954-3-1-0\" class=\"so-panel widget widget_sow-editor panel-first-child widgetopts-SO\" data-index=\"9\" ><div\n\t\t\t\n\t\t\tclass=\"so-widget-sow-editor so-widget-sow-editor-base\"\n\t\t\t\n\t\t>\n<div class=\"siteorigin-widget-tinymce textwidget\">\n\t<h3 style=\"text-align: center;\">10.Torremej\u00eda\u2013M\u00e9rida<\/h3>\n<p><img decoding=\"async\" class=\"aligncenter\" style=\"width: 400px; height: 193px;\" src=\"https:\/\/peregrino.online\/camino-de-santiago\/via-de-la-plata\/fotos\/Perfiles\/10perfiltorremeniamerida.jpg\" alt=\"10.Torremej\u00eda\u2013M\u00e9rida\" \/><\/p>\n<\/div>\n<\/div><\/div><div id=\"panel-13954-3-1-1\" class=\"so-panel widget widget_sow-editor widgetopts-SO\" data-index=\"10\" ><div\n\t\t\t\n\t\t\tclass=\"so-widget-sow-editor so-widget-sow-editor-base\"\n\t\t\t\n\t\t>\n<div class=\"siteorigin-widget-tinymce textwidget\">\n\t<p>                    <center><\/p>\n<h3 class=\"ui-bar ui-bar-a\">Descrizione<\/h3>\n<p><\/center><\/p>\n<p><!--INICIO DESCRIPCION ETAPA--> <\/p>\n<p style=\"text-align: justify;\">Usciamo dall'ostello di Torremej\u00eda e prendiamo la strada statale N-630. Il percorso (foto 1 km 4,1) \u00e8 parallelo alla strada fino al km 7,0, punto in cui devia verso destra (foto 2). Qui c'\u00e8 da prestare attenzione poich\u00e9 il percorso da seguire non \u00e8 ben segnalato: dobbiamo prendere un sentiero che si allontana dalla strada verso destra (foto 3).<\/p>\n<p style=\"text-align: justify;\">Senza troppe difficolt\u00e0 arriviamo alle sponde del fiume Guadiana, nel centro di M\u00e9rida. Attraversiamo il fiume passando dal ponte romano (foto 5) e continuiamo verso destra, parallelamente al fiume, fino all'ostello di M\u00e9rida.<\/p>\n<\/div>\n<\/div><\/div><div id=\"panel-13954-3-1-2\" class=\"so-panel widget widget_sow-editor widgetopts-SO\" data-index=\"11\" ><div\n\t\t\t\n\t\t\tclass=\"so-widget-sow-editor so-widget-sow-editor-base\"\n\t\t\t\n\t\t>\n<div class=\"siteorigin-widget-tinymce textwidget\">\n\t<h3 style=\"text-align: center;\">Foto<\/h3>\n<\/div>\n<\/div><\/div><div id=\"panel-13954-3-1-3\" class=\"so-panel widget widget_sow-editor panel-last-child widgetopts-SO\" data-index=\"12\" ><div\n\t\t\t\n\t\t\tclass=\"so-widget-sow-editor so-widget-sow-editor-base\"\n\t\t\t\n\t\t>\n<div class=\"siteorigin-widget-tinymce textwidget\">\n\t<p>\t\t<center><img decoding=\"async\" src=\"https:\/\/peregrino.online\/camino-de-santiago\/via-de-la-plata\/fotos\/10\/small\/2Km4,1.jpg\"\/><\/center><br \/>\n        <center><\/p>\n<h5 class=\"ui-bar ui-bar-a\">1 km 4,1<\/h5>\n<p><\/center><br \/>\n        <center><img decoding=\"async\" src=\"https:\/\/peregrino.online\/camino-de-santiago\/via-de-la-plata\/fotos\/10\/small\/4km7,6.jpg\"\/>\u00a0<\/center><br \/>\n        <center><\/p>\n<h5 class=\"ui-bar ui-bar-a\">2 km 7,6<\/h5>\n<p><\/center><br \/>\n        <center><img decoding=\"async\" src=\"https:\/\/peregrino.online\/camino-de-santiago\/via-de-la-plata\/fotos\/10\/small\/5Km11,8.jpg\"\/><\/center><br \/>\n\t\t<center><\/p>\n<h5 class=\"ui-bar ui-bar-a\">3 km 11,8<\/h5>\n<p><\/center><br \/>\n        <center><img decoding=\"async\" src=\"https:\/\/peregrino.online\/camino-de-santiago\/via-de-la-plata\/fotos\/10\/small\/6Km14,5.jpg\"\/> <\/center><br \/>\n        <center><\/p>\n<h5 class=\"ui-bar ui-bar-a\">4 km 14,5<\/h5>\n<p><\/center><\/p>\n<\/div>\n<\/div><\/div><\/div><\/div><\/div>","protected":false},"excerpt":{"rendered":"<p>&lt;&lt;&lt; 9.Villafranca-Torremejia Via de la Plata 11.Merida\u2013Aljucen &gt;&gt;&gt; &lt;&lt;&lt; 9 11 &gt;&gt;&gt; &nbsp;<\/p>\n","protected":false},"author":1,"featured_media":0,"comment_status":"closed","ping_status":"closed","sticky":false,"template":"","format":"standard","meta":{"footnotes":""},"categories":[54],"tags":[],"class_list":["post-13954","post","type-post","status-publish","format-standard","hentry","category-via-dellargento"],"_links":{"self":[{"href":"https:\/\/www.peregrino.online\/it\/wp-json\/wp\/v2\/posts\/13954","targetHints":{"allow":["GET"]}}],"collection":[{"href":"https:\/\/www.peregrino.online\/it\/wp-json\/wp\/v2\/posts"}],"about":[{"href":"https:\/\/www.peregrino.online\/it\/wp-json\/wp\/v2\/types\/post"}],"author":[{"embeddable":true,"href":"https:\/\/www.peregrino.online\/it\/wp-json\/wp\/v2\/users\/1"}],"replies":[{"embeddable":true,"href":"https:\/\/www.peregrino.online\/it\/wp-json\/wp\/v2\/comments?post=13954"}],"version-history":[{"count":0,"href":"https:\/\/www.peregrino.online\/it\/wp-json\/wp\/v2\/posts\/13954\/revisions"}],"wp:attachment":[{"href":"https:\/\/www.peregrino.online\/it\/wp-json\/wp\/v2\/media?parent=13954"}],"wp:term":[{"taxonomy":"category","embeddable":true,"href":"https:\/\/www.peregrino.online\/it\/wp-json\/wp\/v2\/categories?post=13954"},{"taxonomy":"post_tag","embeddable":true,"href":"https:\/\/www.peregrino.online\/it\/wp-json\/wp\/v2\/tags?post=13954"}],"curies":[{"name":"wp","href":"https:\/\/api.w.org\/{rel}","templated":true}]}}