{"id":7334,"date":"2024-10-19T05:54:19","date_gmt":"2024-10-19T05:54:19","guid":{"rendered":"https:\/\/www.peregrino.online\/non-classifiee\/4-ponte-de-lima-rubiaes\/"},"modified":"2024-12-27T04:16:20","modified_gmt":"2024-12-27T04:16:20","slug":"4-ponte-de-lima-rubiaes","status":"publish","type":"post","link":"https:\/\/www.peregrino.online\/fr\/chemin-portugais-central\/etapas\/4-ponte-de-lima-rubiaes\/","title":{"rendered":"4.Ponte de Lima-Rubiaes"},"content":{"rendered":"<div id=\"pl-7334\"  class=\"panel-layout\" ><div id=\"pg-7334-0\"  class=\"panel-grid panel-no-style\" ><div id=\"pgc-7334-0-0\"  class=\"panel-grid-cell\" ><div id=\"panel-7334-0-0-0\" class=\"so-panel widget widget_sow-editor panel-first-child panel-last-child extendedwopts-hide extendedwopts-tablet extendedwopts-mobile widgetopts-SO\" data-index=\"0\" ><div\n\t\t\t\n\t\t\tclass=\"so-widget-sow-editor so-widget-sow-editor-base\"\n\t\t\t\n\t\t>\n<div class=\"siteorigin-widget-tinymce textwidget\">\n\t<p><a href=\"https:\/\/www.peregrino.online\/fr\/chemins-de-saint-jacques\/chemin-portugais-central\/3-barcelos-ponte-de-lima\/\">&lt;&lt;&lt;  3.Barcelos-Ponte de Lima<\/a><\/p>\n<\/div>\n<\/div><\/div><\/div><div id=\"pgc-7334-0-1\"  class=\"panel-grid-cell\" ><div id=\"panel-7334-0-1-0\" class=\"so-panel widget widget_sow-editor panel-first-child panel-last-child extendedwopts-hide extendedwopts-tablet extendedwopts-mobile widgetopts-SO\" data-index=\"1\" ><div\n\t\t\t\n\t\t\tclass=\"so-widget-sow-editor so-widget-sow-editor-base\"\n\t\t\t\n\t\t>\n<div class=\"siteorigin-widget-tinymce textwidget\">\n\t<h3 style=\"text-align: center;\"><a href=\"https:\/\/www.peregrino.online\/fr\/camino-portugues-central-costa\/\">Chemin Portugais Central<\/a><\/h3>\n<\/div>\n<\/div><\/div><\/div><div id=\"pgc-7334-0-2\"  class=\"panel-grid-cell\" ><div id=\"panel-7334-0-2-0\" class=\"so-panel widget widget_sow-editor panel-first-child panel-last-child extendedwopts-hide extendedwopts-tablet extendedwopts-mobile widgetopts-SO\" data-index=\"2\" ><div\n\t\t\t\n\t\t\tclass=\"so-widget-sow-editor so-widget-sow-editor-base\"\n\t\t\t\n\t\t>\n<div class=\"siteorigin-widget-tinymce textwidget\">\n\t<p style=\"text-align: right;\"><a href=\"https:\/\/www.peregrino.online\/fr\/chemins-de-saint-jacques\/chemin-portugais-central\/5-rubiaes-tui\/\">5. Rubiaes-Tui &gt;&gt;&gt;<\/a><\/p>\n<\/div>\n<\/div><\/div><\/div><\/div><div id=\"pg-7334-1\"  class=\"panel-grid panel-no-style\" ><div id=\"pgc-7334-1-0\"  class=\"panel-grid-cell\" ><div id=\"panel-7334-1-0-0\" class=\"so-panel widget widget_sow-editor panel-first-child extendedwopts-hide extendedwopts-desktop widgetopts-SO\" data-index=\"3\" ><div\n\t\t\t\n\t\t\tclass=\"so-widget-sow-editor so-widget-sow-editor-base\"\n\t\t\t\n\t\t>\n<div class=\"siteorigin-widget-tinymce textwidget\">\n\t<p><\/a><\/h3>\n<\/div>\n<\/div><\/div><div id=\"panel-7334-1-0-1\" class=\"so-panel widget widget_sow-editor panel-last-child extendedwopts-hide extendedwopts-desktop widgetopts-SO\" data-index=\"4\" ><div\n\t\t\t\n\t\t\tclass=\"so-widget-sow-editor so-widget-sow-editor-base\"\n\t\t\t\n\t\t>\n<div class=\"siteorigin-widget-tinymce textwidget\">\n\t<div style=\"display: flex; justify-content: space-between; align-items: center; width: 100%;\">\n<p><!-- Flechas <<<alineadas completamente a la izquierda --><\/alineadas><\/p>\n<div style=\"flex: 1; text-align: left;\"><a style=\"text-decoration: none;\" href=\"https:\/\/www.peregrino.online\/fr\/chemins-de-saint-jacques\/chemin-portugais-central\/3-barcelos-ponte-de-lima\/\">&lt;&lt;&lt;3.<\/a><\/div>\n<p><!-- Palabra ETAPA centrada con un enlace --><\/p>\n<div style=\"flex: 1; text-align: center;\"><a style=\"text-decoration: none;\" href=\"https:\/\/www.peregrino.online\/fr\/camino-portugues-central-costa\/\"><\/a><\/div>\n<p><!-- Flechas>>> alineadas completamente a la derecha --><\/p>\n<div style=\"flex: 1; text-align: right;\"><a style=\"text-decoration: none;\" href=\"https:\/\/www.peregrino.online\/fr\/chemins-de-saint-jacques\/chemin-portugais-central\/5-rubiaes-tui\/\">5.&gt;&gt;&gt;<\/a><\/div>\n<\/div>\n<p>&nbsp;<\/p>\n<\/div>\n<\/div><\/div><\/div><\/div><div id=\"pg-7334-2\"  class=\"panel-grid panel-no-style\" ><div id=\"pgc-7334-2-0\"  class=\"panel-grid-cell\" ><div id=\"panel-7334-2-0-0\" class=\"so-panel widget widget_sow-editor panel-first-child widgetopts-SO\" data-index=\"5\" ><div\n\t\t\t\n\t\t\tclass=\"so-widget-sow-editor so-widget-sow-editor-base\"\n\t\t\t\n\t\t>\n<div class=\"siteorigin-widget-tinymce textwidget\">\n\t<h2 class=\"etapa-heading\">4.Ponte de Lima-Rubiaes<\/h2>\n<\/div>\n<\/div><\/div><div id=\"panel-7334-2-0-1\" class=\"so-panel widget widget_sow-editor panel-last-child widgetopts-SO\" data-index=\"6\" ><div\n\t\t\t\n\t\t\tclass=\"so-widget-sow-editor so-widget-sow-editor-base\"\n\t\t\t\n\t\t>\n<div class=\"siteorigin-widget-tinymce textwidget\">\n\t<p><iframe loading=\"lazy\" src=\"https:\/\/www.google.com\/maps\/d\/embed?mid=1-tPFW7UWfVEAszLPkLGeK7X2C2Q&amp;ehbc=2E312F\" width=\"1000\" height=\"480\"><\/iframe><\/p>\n<\/div>\n<\/div><\/div><\/div><\/div><div id=\"pg-7334-3\"  class=\"panel-grid panel-no-style\" ><div id=\"pgc-7334-3-0\"  class=\"panel-grid-cell\" ><div id=\"panel-7334-3-0-0\" class=\"so-panel widget widget_sow-editor panel-first-child widgetopts-SO\" data-index=\"7\" ><div\n\t\t\t\n\t\t\tclass=\"so-widget-sow-editor so-widget-sow-editor-base\"\n\t\t\t\n\t\t>\n<div class=\"siteorigin-widget-tinymce textwidget\">\n\t<h3 style=\"text-align: center;\"><strong>Auberges de l'\u00e9tape<\/strong><\/h3>\n<\/div>\n<\/div><\/div><div id=\"panel-7334-3-0-1\" class=\"widget_text so-panel widget widget_custom_html panel-last-child widgetopts-SO\" data-index=\"8\" ><div class=\"textwidget custom-html-widget\"><div class=\"custom-button-style\"><div class=\"listing-item\"><a class=\"title\" href=\"https:\/\/www.peregrino.online\/fr\/chemin-portugais-central\/alojamientos\/noahs-ark-caminho-arcozelo\/\">Arcozelo<br>Km 5,0<br>Noah&rsquo;s Ark Caminho<\/a><\/div><div class=\"listing-item\"><a class=\"title\" href=\"https:\/\/www.peregrino.online\/fr\/chemin-portugais-central\/alojamientos\/quinta-labruja\/\">Labruja<br>Km 8,7<br>Quinta Labruja<\/a><\/div><div class=\"listing-item\"><a class=\"title\" href=\"https:\/\/www.peregrino.online\/fr\/chemin-portugais-central\/alojamientos\/albergue-casa-da-valada-labruja\/\">Labruja<br>Km 9,1<br>Auberge Casa da Valada<\/a><\/div><div class=\"listing-item\"><a class=\"title\" href=\"https:\/\/www.peregrino.online\/fr\/chemin-portugais-central\/alojamientos\/albergue-oconforte-labruja\/\">Labruja<br>Km 9,2<br>Auberge Oconforte<\/a><\/div><div class=\"listing-item\"><a class=\"title\" href=\"https:\/\/www.peregrino.online\/fr\/chemin-portugais-central\/alojamientos\/residencial-repouso-do-peregrino-sao-roque\/\">S\u00e3o Roque<br>Km 15,9<br>Residencial Repouso do Peregrino<\/a><\/div><div class=\"listing-item\"><a class=\"title\" href=\"https:\/\/www.peregrino.online\/fr\/chemin-portugais-central\/alojamientos\/albergue-constantino-al-sao-roque\/\">S\u00e3o Roque<br>Km 16,0<br>Auberge Constantino AL<\/a><\/div><div class=\"listing-item\"><a class=\"title\" href=\"https:\/\/www.peregrino.online\/fr\/chemin-portugais-central\/alojamientos\/quinta-das-leiras-sao-roque\/\">S\u00e3o Roque<br>Km 16,3<br>Quinta das Leiras<\/a><\/div><div class=\"listing-item\"><a class=\"title\" href=\"https:\/\/www.peregrino.online\/fr\/chemin-portugais-central\/alojamientos\/casa-das-lages-sao-roque\/\">S\u00e3o Roque<br>Km 16,3<br>Casa das Lages<\/a><\/div><div class=\"listing-item\"><a class=\"title\" href=\"https:\/\/www.peregrino.online\/fr\/chemin-portugais-central\/alojamientos\/albergue-de-peregrinos-de-rubiaes-rubiaes\/\">Rubiaes<br>Km 17,2<br>Auberge de p\u00e8lerins de Rubiaes<\/a><\/div><div class=\"listing-item\"><a class=\"title\" href=\"https:\/\/www.peregrino.online\/fr\/chemin-portugais-central\/alojamientos\/casa-de-sao-sebastiao-rubiaes\/\">Rubiaes<br>Km 17,2+100m<br>Casa de S\u00e3o Sebasti\u00e3o<\/a><\/div><div class=\"listing-item\"><a class=\"title\" href=\"https:\/\/www.peregrino.online\/fr\/chemin-portugais-central\/alojamientos\/albergue-alojamiento-local-ninho-rubiaes\/\">Rubiaes<br>Km 17,2+250m<br>Auberge Alojamiento Local Ninho<\/a><\/div><\/div>\n<\/div><\/div><\/div><div id=\"pgc-7334-3-1\"  class=\"panel-grid-cell\" ><div id=\"panel-7334-3-1-0\" class=\"so-panel widget widget_sow-editor panel-first-child widgetopts-SO\" data-index=\"9\" ><div\n\t\t\t\n\t\t\tclass=\"so-widget-sow-editor so-widget-sow-editor-base\"\n\t\t\t\n\t\t>\n<div class=\"siteorigin-widget-tinymce textwidget\">\n\t<h3 style=\"text-align: center;\">4.Ponte de Lima-Rubiaes<\/h3>\n<p><img decoding=\"async\" class=\"aligncenter\" style=\"width: 400px; height: 193px;\" src=\"https:\/\/peregrino.online\/camino-de-santiago\/portuguescentral\/fotos\/Perfiles\/4.jpg\" alt=\"Perfil Sevilla Guillena\" \/><\/p>\n<\/div>\n<\/div><\/div><div id=\"panel-7334-3-1-1\" class=\"so-panel widget widget_sow-editor widgetopts-SO\" data-index=\"10\" ><div\n\t\t\t\n\t\t\tclass=\"so-widget-sow-editor so-widget-sow-editor-base\"\n\t\t\t\n\t\t>\n<div class=\"siteorigin-widget-tinymce textwidget\">\n\t<p>\t\t\t <center><\/p>\n<h3 class=\"ui-bar ui-bar-a\">Tron\u00e7ons<\/h3>\n<p><\/center><\/p>\n<p><!--INICIO RUTOMETRO--><\/p>\n<p style=\"text-align: justify;\">(1)Ponte de Lima-(2)Rubiaes: 0-17,2 km<\/p>\n<p><!--FIN RUTOMETRO-->                           <\/p>\n<p>                    <center><\/p>\n<h3 class=\"ui-bar ui-bar-a\">Description<\/h3>\n<p><\/center><\/p>\n<p><!--INICIO DESCRIPCION ETAPA--> <\/p>\n<p style=\"text-align: justify;\">C'est pendant cette \u00e9tape que nous rencontrerons la plus forte mont\u00e9e de tout le chemin Portuguais : l'ascension \u00e0 la Portela Grande de la Bruja. Ce sont deux km et demi de mont\u00e9e, comman\u00e7ant aproximativement au km 10,0 de l'\u00e9tape. Si l'on fait le chemin en v\u00e9lo on prendra l'option marqu\u00e9e en orange sur la carte : la route M522 puis la route N201, se s\u00e9parant du chemin \u00e0 pied au km 10,2 (voir photo 8).<\/p>\n<\/div>\n<\/div><\/div><div id=\"panel-7334-3-1-2\" class=\"so-panel widget widget_sow-editor widgetopts-SO\" data-index=\"11\" ><div\n\t\t\t\n\t\t\tclass=\"so-widget-sow-editor so-widget-sow-editor-base\"\n\t\t\t\n\t\t>\n<div class=\"siteorigin-widget-tinymce textwidget\">\n\t<h3 style=\"text-align: center;\">Photos<\/h3>\n<\/div>\n<\/div><\/div><div id=\"panel-7334-3-1-3\" class=\"so-panel widget widget_sow-editor panel-last-child widgetopts-SO\" data-index=\"12\" ><div\n\t\t\t\n\t\t\tclass=\"so-widget-sow-editor so-widget-sow-editor-base\"\n\t\t\t\n\t\t>\n<div class=\"siteorigin-widget-tinymce textwidget\">\n\t<p><center><img decoding=\"async\" class=\"aligncenter\" src=\"https:\/\/peregrino.online\/camino-de-santiago\/portuguescosta\/fotos\/4\/E\/1km0,6.jpg\" \/><\/center><\/p>\n<h5 class=\"ui-bar ui-bar-a\" style=\"text-align: center;\">1 km 0,6<\/h5>\n<p><center><img decoding=\"async\" src=\"https:\/\/peregrino.online\/camino-de-santiago\/portuguescosta\/fotos\/4\/E\/2km1,3.jpg\" \/><\/center><\/p>\n<h5 class=\"ui-bar ui-bar-a\" style=\"text-align: center;\">2 km 1,3<\/h5>\n<p><center><img decoding=\"async\" src=\"https:\/\/peregrino.online\/camino-de-santiago\/portuguescosta\/fotos\/4\/E\/3km2,6.jpg\" \/><\/center><\/p>\n<h5 class=\"ui-bar ui-bar-a\" style=\"text-align: center;\">3 km 2,6<\/h5>\n<p><center><img decoding=\"async\" src=\"https:\/\/peregrino.online\/camino-de-santiago\/portuguescosta\/fotos\/4\/E\/4km4,2.jpg\" \/><\/center><\/p>\n<h5 class=\"ui-bar ui-bar-a\" style=\"text-align: center;\">4 km 4,2<\/h5>\n<p><center><img decoding=\"async\" src=\"https:\/\/peregrino.online\/camino-de-santiago\/portuguescosta\/fotos\/4\/E\/5km5,9.jpg\" \/><\/center><\/p>\n<h5 class=\"ui-bar ui-bar-a\" style=\"text-align: center;\">5 km 5,9<\/h5>\n<p><center><img decoding=\"async\" src=\"https:\/\/peregrino.online\/camino-de-santiago\/portuguescosta\/fotos\/4\/E\/6km7,8.jpg\" \/><\/center><\/p>\n<h5 class=\"ui-bar ui-bar-a\" style=\"text-align: center;\">6 km 7,8<\/h5>\n<p><center><img decoding=\"async\" src=\"https:\/\/peregrino.online\/camino-de-santiago\/portuguescosta\/fotos\/4\/E\/7km10,0.jpg\" \/><\/center><\/p>\n<h5 class=\"ui-bar ui-bar-a\" style=\"text-align: center;\">7 km 10,0<\/h5>\n<p><center><img decoding=\"async\" src=\"https:\/\/peregrino.online\/camino-de-santiago\/portuguescosta\/fotos\/4\/E\/8km10,2.jpg\" \/><\/center><\/p>\n<h5 class=\"ui-bar ui-bar-a\" style=\"text-align: center;\">8 km 10,2<\/h5>\n<p><center><img decoding=\"async\" src=\"https:\/\/peregrino.online\/camino-de-santiago\/portuguescosta\/fotos\/4\/E\/9km10,4.jpg\" \/><\/center><\/p>\n<h5 class=\"ui-bar ui-bar-a\" style=\"text-align: center;\">9 km 10,4<\/h5>\n<p><center><img decoding=\"async\" src=\"https:\/\/peregrino.online\/camino-de-santiago\/portuguescosta\/fotos\/4\/E\/10km11,8.jpg\" \/><\/center><\/p>\n<h5 class=\"ui-bar ui-bar-a\" style=\"text-align: center;\">10 km 11,8<\/h5>\n<p><center><img decoding=\"async\" src=\"https:\/\/peregrino.online\/camino-de-santiago\/portuguescosta\/fotos\/4\/E\/11km12,3.jpg\" \/><\/center><\/p>\n<h5 class=\"ui-bar ui-bar-a\" style=\"text-align: center;\">11 km 12,3<\/h5>\n<p><center><img decoding=\"async\" src=\"https:\/\/peregrino.online\/camino-de-santiago\/portuguescosta\/fotos\/4\/E\/12km13,3.jpg\" \/><\/center><\/p>\n<h5 class=\"ui-bar ui-bar-a\" style=\"text-align: center;\">12 km 13,3<\/h5>\n<p><center><img decoding=\"async\" src=\"https:\/\/peregrino.online\/camino-de-santiago\/portuguescosta\/fotos\/4\/E\/13km15,1.jpg\" \/><\/center><\/p>\n<h5 class=\"ui-bar ui-bar-a\" style=\"text-align: center;\">13 km 15,1<\/h5>\n<p><center><img decoding=\"async\" src=\"https:\/\/peregrino.online\/camino-de-santiago\/portuguescosta\/fotos\/4\/E\/14km16,8.jpg\" \/><\/center><\/p>\n<h5 class=\"ui-bar ui-bar-a\" style=\"text-align: center;\">14 km 16,8<\/h5>\n<p><center><img decoding=\"async\" src=\"https:\/\/peregrino.online\/camino-de-santiago\/portuguescosta\/fotos\/4\/E\/alternativa-por-carretera.jpg\" \/><\/center><\/p>\n<h5 class=\"ui-bar ui-bar-a\" style=\"text-align: center;\">Alternativa por carretera<\/h5>\n<p style=\"text-align: center;\">\n<\/div>\n<\/div><\/div><\/div><\/div><\/div>","protected":false},"excerpt":{"rendered":"<p>&lt;&lt;&lt; 3.Barcelos-Ponte de Lima Chemin Portugais Central 5. Rubiaes-Tui &gt;&gt;&gt; &lt;&lt;&lt;3. 5.&gt;&gt;&gt; &nbsp;<\/p>\n","protected":false},"author":1,"featured_media":0,"comment_status":"closed","ping_status":"closed","sticky":false,"template":"","format":"standard","meta":{"footnotes":""},"categories":[271],"tags":[],"class_list":["post-7334","post","type-post","status-publish","format-standard","hentry","category-chemin-portugais-central"],"_links":{"self":[{"href":"https:\/\/www.peregrino.online\/fr\/wp-json\/wp\/v2\/posts\/7334","targetHints":{"allow":["GET"]}}],"collection":[{"href":"https:\/\/www.peregrino.online\/fr\/wp-json\/wp\/v2\/posts"}],"about":[{"href":"https:\/\/www.peregrino.online\/fr\/wp-json\/wp\/v2\/types\/post"}],"author":[{"embeddable":true,"href":"https:\/\/www.peregrino.online\/fr\/wp-json\/wp\/v2\/users\/1"}],"replies":[{"embeddable":true,"href":"https:\/\/www.peregrino.online\/fr\/wp-json\/wp\/v2\/comments?post=7334"}],"version-history":[{"count":0,"href":"https:\/\/www.peregrino.online\/fr\/wp-json\/wp\/v2\/posts\/7334\/revisions"}],"wp:attachment":[{"href":"https:\/\/www.peregrino.online\/fr\/wp-json\/wp\/v2\/media?parent=7334"}],"wp:term":[{"taxonomy":"category","embeddable":true,"href":"https:\/\/www.peregrino.online\/fr\/wp-json\/wp\/v2\/categories?post=7334"},{"taxonomy":"post_tag","embeddable":true,"href":"https:\/\/www.peregrino.online\/fr\/wp-json\/wp\/v2\/tags?post=7334"}],"curies":[{"name":"wp","href":"https:\/\/api.w.org\/{rel}","templated":true}]}}