{"id":45248,"date":"2026-08-31T08:55:44","date_gmt":"2026-08-31T08:55:44","guid":{"rendered":"https:\/\/www.peregrino.online\/?p=45248"},"modified":"2026-08-31T11:01:07","modified_gmt":"2026-08-31T11:01:07","slug":"3-vilanova-de-arousa-pontecesures-bateau","status":"publish","type":"post","link":"https:\/\/www.peregrino.online\/fr\/chemin-portugais-central-cote\/etapas\/spirituelle-3-vilanova-de-arousa-pontecesures-bateau\/","title":{"rendered":"3.Vilanova de Arousa-Pontecesures BATEAU"},"content":{"rendered":"<div id=\"pl-45248\"  class=\"panel-layout\" ><div id=\"pg-45248-0\"  class=\"panel-grid panel-no-style\" ><div id=\"pgc-45248-0-0\"  class=\"panel-grid-cell\" ><div id=\"panel-45248-0-0-0\" class=\"so-panel widget widget_sow-editor panel-first-child panel-last-child widgetopts-SO\" data-index=\"0\" ><div\n\t\t\t\n\t\t\tclass=\"so-widget-sow-editor so-widget-sow-editor-base\"\n\t\t\t\n\t\t>\n<div class=\"siteorigin-widget-tinymce textwidget\">\n\t<p><a href=\"https:\/\/www.peregrino.online\/fr\/chemin-portugais-central-cote\/etapas\/spirituelle-2-armenteira-vilanova-de-arousa\/\">&lt;&lt;&lt; 2.Armenteira-Vilanova de Arousa<\/a><\/p>\n<\/div>\n<\/div><\/div><\/div><div id=\"pgc-45248-0-1\"  class=\"panel-grid-cell\" ><div id=\"panel-45248-0-1-0\" class=\"so-panel widget widget_sow-editor panel-first-child panel-last-child widgetopts-SO\" data-index=\"1\" ><div\n\t\t\t\n\t\t\tclass=\"so-widget-sow-editor so-widget-sow-editor-base\"\n\t\t\t\n\t\t>\n<div class=\"siteorigin-widget-tinymce textwidget\">\n\t<h3 style=\"text-align: center;\"><a href=\"https:\/\/www.peregrino.online\/fr\/camino-portugues-central-costa\/\">Chemin Portugais<\/a><\/h3>\n<\/div>\n<\/div><\/div><\/div><div id=\"pgc-45248-0-2\"  class=\"panel-grid-cell\" ><div id=\"panel-45248-0-2-0\" class=\"so-panel widget widget_sow-editor panel-first-child panel-last-child widgetopts-SO\" data-index=\"2\" ><div\n\t\t\t\n\t\t\tclass=\"so-widget-sow-editor so-widget-sow-editor-base\"\n\t\t\t\n\t\t>\n<div class=\"siteorigin-widget-tinymce textwidget\">\n\t<p style=\"text-align: right;\"><a href=\"https:\/\/www.peregrino.online\/fr\/chemin-portugais-central-cote\/etapas\/10-caldas-de-reis-padron\/\">10.Caldas de Reis-Padron &gt;&gt;&gt;<\/a><\/p>\n<\/div>\n<\/div><\/div><\/div><\/div><div id=\"pg-45248-1\"  class=\"panel-grid panel-no-style\" ><div id=\"pgc-45248-1-0\"  class=\"panel-grid-cell\" ><div id=\"panel-45248-1-0-0\" class=\"so-panel widget widget_sow-editor panel-first-child\" data-index=\"3\" ><div\n\t\t\t\n\t\t\tclass=\"so-widget-sow-editor so-widget-sow-editor-base\"\n\t\t\t\n\t\t>\n<div class=\"siteorigin-widget-tinymce textwidget\">\n\t<h3 style=\"text-align: center;\"><a href=\"https:\/\/www.peregrino.online\/app-para-android-y-iphone\/\"><\/a><\/h3>\n<\/div>\n<\/div><\/div><div id=\"panel-45248-1-0-1\" class=\"so-panel widget widget_sow-editor panel-last-child widgetopts-SO\" data-index=\"4\" ><div\n\t\t\t\n\t\t\tclass=\"so-widget-sow-editor so-widget-sow-editor-base\"\n\t\t\t\n\t\t>\n<div class=\"siteorigin-widget-tinymce textwidget\">\n\t<div style=\"display: flex; justify-content: space-between; align-items: center; width: 100%;\">\n<div style=\"flex: 1; text-align: left;\"><a style=\"text-decoration: none;\" href=\"https:\/\/www.peregrino.online\/fr\/chemin-portugais-central-cote\/etapas\/spirituelle-2-armenteira-vilanova-de-arousa\/\">&lt;&lt;&lt;2.<\/a><\/div>\n<div style=\"flex: 1; text-align: center;\"><a style=\"text-decoration: none;\" href=\"https:\/\/www.peregrino.online\/fr\/camino-portugues-central-costa\/\">Chemin Portugais<\/a><\/div>\n<div style=\"flex: 1; text-align: right;\"><a style=\"text-decoration: none;\" href=\"https:\/\/www.peregrino.online\/fr\/chemin-portugais-central-cote\/etapas\/10-caldas-de-reis-padron\/\">10.&gt;&gt;&gt;<\/a><\/div>\n<\/div>\n<p>&nbsp;<\/p>\n<\/div>\n<\/div><\/div><\/div><\/div><div id=\"pg-45248-2\"  class=\"panel-grid panel-no-style\" ><div id=\"pgc-45248-2-0\"  class=\"panel-grid-cell\" ><div id=\"panel-45248-2-0-0\" class=\"so-panel widget widget_sow-editor panel-first-child widgetopts-SO\" data-index=\"5\" ><div\n\t\t\t\n\t\t\tclass=\"so-widget-sow-editor so-widget-sow-editor-base\"\n\t\t\t\n\t\t>\n<div class=\"siteorigin-widget-tinymce textwidget\">\n\t<h2 class=\"etapa-heading\">Variante Spirituelle<\/h2>\n<h2 class=\"etapa-heading\">3.Vilanova de Arousa-Pontecesures<br \/>BATEAU<\/h2>\n<\/div>\n<\/div><\/div><div id=\"panel-45248-2-0-1\" class=\"so-panel widget widget_sow-editor panel-last-child\" data-index=\"6\" ><div\n\t\t\t\n\t\t\tclass=\"so-widget-sow-editor so-widget-sow-editor-base\"\n\t\t\t\n\t\t>\n<div class=\"siteorigin-widget-tinymce textwidget\">\n\t<p>\t<iframe loading=\"lazy\" src=\"https:\/\/www.google.com\/maps\/d\/embed?mid=1izHMy6ncTSyEH0Yi0lulw4kUG0TuE78\" width=\"1000\" height=\"480\"><\/iframe><\/p>\n<\/div>\n<\/div><\/div><\/div><\/div><div id=\"pg-45248-3\"  class=\"panel-grid panel-no-style\" ><div id=\"pgc-45248-3-0\"  class=\"panel-grid-cell\" ><div id=\"panel-45248-3-0-0\" class=\"so-panel widget widget_sow-editor panel-first-child widgetopts-SO\" data-index=\"7\" ><div\n\t\t\t\n\t\t\tclass=\"so-widget-sow-editor so-widget-sow-editor-base\"\n\t\t\t\n\t\t>\n<div class=\"siteorigin-widget-tinymce textwidget\">\n\t<h3 style=\"text-align: center;\"><strong>H\u00e9bergements de l\u2019\u00e9tape<\/strong><\/h3>\n<\/div>\n<\/div><\/div><div id=\"panel-45248-3-0-1\" class=\"widget_text so-panel widget widget_custom_html panel-last-child widgetopts-SO\" data-index=\"8\" ><div class=\"textwidget custom-html-widget\">\n<\/div><\/div><\/div><div id=\"pgc-45248-3-1\"  class=\"panel-grid-cell\" ><div id=\"panel-45248-3-1-0\" class=\"so-panel widget widget_sow-editor panel-first-child widgetopts-SO\" data-index=\"9\" ><div\n\t\t\t\n\t\t\tclass=\"so-widget-sow-editor so-widget-sow-editor-base\"\n\t\t\t\n\t\t>\n<div class=\"siteorigin-widget-tinymce textwidget\">\n\t<h3 style=\"text-align: center;\">3.Vilanova de Arousa-Pontecesures BATEAU<\/h3>\n<p><img decoding=\"async\" class=\"aligncenter\" style=\"width: 600px; height: 245px;\" src=\"https:\/\/peregrino.online\/camino-de-santiago\/espiritual\/fotos\/inicio\/perfil3barco.jpg\" alt=\"3.Vilanova de Arousa-Pontecesures BATEAU\"\/><\/p>\n<\/div>\n<\/div><\/div><div id=\"panel-45248-3-1-1\" class=\"so-panel widget widget_sow-editor widgetopts-SO\" data-index=\"10\" ><div\n\t\t\t\n\t\t\tclass=\"so-widget-sow-editor so-widget-sow-editor-base\"\n\t\t\t\n\t\t>\n<div class=\"siteorigin-widget-tinymce textwidget\">\n\t<p style=\"text-align: justify;\">La Traslatio est l\u2019\u00e9tape maritime et fluviale de la Variante Spirituelle. Elle part de la gare maritime de Vilanova de Arousa, traverse la ria et remonte la rivi\u00e8re Ulla jusqu\u2019\u00e0 Pontecesures. De l\u00e0, les p\u00e8lerins continuent \u00e0 pied jusqu\u2019\u00e0 Padr\u00f3n, situ\u00e9 \u00e0 environ 2 km.<\/p>\n<p style=\"text-align: justify;\"><b>Dur\u00e9e : <\/b>entre 1 heure 15 minutes et 1 heure 30 minutes.<\/p>\n<p style=\"text-align: justify;\"><b>Parcours : <\/b>pendant la navigation, les passagers peuvent observer les parcs \u00e0 moules, les \u00eeles de Cortegada, Malveiras et Bri\u00f1as, les Torres de Oeste de Catoira et les calvaires qui composent le chemin de croix maritime et fluvial de la ria d\u2019Arousa et de la rivi\u00e8re Ulla.<\/p>\n<h2 class=\"etapa-heading\">La Barca del Peregrino<\/h2>\n<p style=\"text-align: justify;\"><b>Prix : <\/b>30 \u20ac par personne.<\/p>\n<p style=\"text-align: justify;\"><b>Dur\u00e9e : <\/b>environ 1 heure 20 minutes.<\/p>\n<p style=\"text-align: justify;\"><b>Horaires : <\/b>varient chaque jour selon les mar\u00e9es. Consultez le calendrier des r\u00e9servations.<\/p>\n<p style=\"text-align: justify;\"><b>Comprend : <\/b>des explications sur l\u2019itin\u00e9raire, du th\u00e9 chaud et le transport gratuit des animaux de compagnie.<\/p>\n<p style=\"text-align: justify;\"><b>T\u00e9l\u00e9phone et WhatsApp : <\/b><a href=\"tel:+34607911523\">607 911 523<\/a><\/p>\n<p style=\"text-align: justify;\"><b>Bureau : <\/b>R\u00faa O Cabo, 17, en face de la gare maritime de Vilanova de Arousa.<\/p>\n<div>\n    <a href=\"https:\/\/www.labarcadelperegrino.com\/\" class=\"ui-btn ui-corner-all ui-shadow\">R\u00e9server avec La Barca del Peregrino<\/a>\n<\/div>\n<h2 class=\"etapa-heading\">Amare Turismo N\u00e1utico<\/h2>\n<p style=\"text-align: justify;\"><b>Prix : <\/b>32 \u20ac par personne. Retour facultatif \u00e0 Vilanova pour 10 \u20ac suppl\u00e9mentaires.<\/p>\n<p style=\"text-align: justify;\"><b>Dur\u00e9e : <\/b>environ 1 heure 15 minutes.<\/p>\n<p style=\"text-align: justify;\"><b>Horaires : <\/b>d\u00e9parts le matin ou \u00e0 midi, selon les mar\u00e9es. Consultez le calendrier correspondant \u00e0 chaque date.<\/p>\n<p style=\"text-align: justify;\"><b>Comprend : <\/b>guide, imperm\u00e9able et transport du sac \u00e0 dos du p\u00e8lerin.<\/p>\n<p style=\"text-align: justify;\"><b>T\u00e9l\u00e9phone : <\/b><a href=\"tel:+34650410322\">650 410 322<\/a><\/p>\n<p style=\"text-align: justify;\"><b>D\u00e9part : <\/b>Gare maritime Mar de Santiago, Vilanova de Arousa.<\/p>\n<div>\n    <a href=\"https:\/\/www.amareturismonautico.com\/tour\/traslatio-ruta-xacobea-en-barco-variante-espiritual\/\" class=\"ui-btn ui-corner-all ui-shadow\">R\u00e9server avec Amare<\/a>\n<\/div>\n<h2 class=\"etapa-heading\">Cruceros do Ulla<\/h2>\n<p style=\"text-align: justify;\"><b>Prix : <\/b>30 \u20ac par adulte, 15 \u20ac pour les enfants de 3 \u00e0 12 ans et gratuit pour les moins de 3 ans.<\/p>\n<p style=\"text-align: justify;\"><b>Dur\u00e9e : <\/b>environ 1 heure 30 minutes.<\/p>\n<p style=\"text-align: justify;\"><b>Horaires : <\/b>il n\u2019y a pas d\u2019horaires fixes, car les d\u00e9parts d\u00e9pendent des mar\u00e9es et de la constitution des groupes.<\/p>\n<p style=\"text-align: justify;\"><b>Comprend : <\/b>parcours guid\u00e9 sur la ria d\u2019Arousa et la rivi\u00e8re Ulla, explication des principaux points d\u2019int\u00e9r\u00eat et collation \u00e0 bord.<\/p>\n<p style=\"text-align: justify;\"><b>T\u00e9l\u00e9phone : <\/b><a href=\"tel:+34986731818\">986 731 818<\/a><\/p>\n<p style=\"text-align: justify;\"><b>R\u00e9servations : <\/b>consultez les disponibilit\u00e9s dans leur calendrier ou contactez-les par t\u00e9l\u00e9phone.<\/p>\n<div>\n    <a href=\"https:\/\/www.crucerosdoulla.com\/en\/ruta-xacobea-albatross\/\" class=\"ui-btn ui-corner-all ui-shadow\">R\u00e9server avec Cruceros do Ulla<\/a>\n<\/div>\n<h2 class=\"etapa-heading\">Rutas Juan Allo<\/h2>\n<p style=\"text-align: justify;\"><b>Prix : <\/b>\u00e0 consulter au moment de la r\u00e9servation.<\/p>\n<p style=\"text-align: justify;\"><b>Dur\u00e9e : <\/b>environ 1 heure 30 minutes.<\/p>\n<p style=\"text-align: justify;\"><b>Horaires : <\/b>d\u00e9pendent des mar\u00e9es, de la date choisie et de la constitution d\u2019un groupe minimum.<\/p>\n<p style=\"text-align: justify;\"><b>Comprend : <\/b>travers\u00e9e de Vilanova de Arousa \u00e0 Pontecesures par la route maritime et fluviale de la Traslatio.<\/p>\n<p style=\"text-align: justify;\"><b>T\u00e9l\u00e9phone : <\/b><a href=\"tel:+34672659484\">672 659 484<\/a><\/p>\n<p style=\"text-align: justify;\"><b>R\u00e9servations : <\/b>la date et les disponibilit\u00e9s doivent \u00eatre confirm\u00e9es par t\u00e9l\u00e9phone avant le paiement.<\/p>\n<div>\n    <a href=\"https:\/\/rutasjuanallo.es\/reservas\/\" class=\"ui-btn ui-corner-all ui-shadow\">R\u00e9server avec Rutas Juan Allo<\/a>\n<\/div>\n<h2 class=\"etapa-heading\">Illa Tours<\/h2>\n<p style=\"text-align: justify;\"><b>Prix : <\/b>32 \u20ac par personne.<\/p>\n<p style=\"text-align: justify;\"><b>Dur\u00e9e : <\/b>environ 1 heure 30 minutes.<\/p>\n<p style=\"text-align: justify;\"><b>Horaires : <\/b>d\u00e9parts indicatifs \u00e0 8:00 et 11:00, selon les mar\u00e9es.<\/p>\n<p style=\"text-align: justify;\"><b>Groupes : <\/b>de 5 \u00e0 9 passagers. Si le nombre minimum n\u2019est pas atteint, il faut v\u00e9rifier les disponibilit\u00e9s.<\/p>\n<p style=\"text-align: justify;\"><b>Comprend : <\/b>travers\u00e9e en petit groupe de Vilanova de Arousa \u00e0 Pontecesures, par la ria d\u2019Arousa et la rivi\u00e8re Ulla.<\/p>\n<p style=\"text-align: justify;\"><b>T\u00e9l\u00e9phone : <\/b><a href=\"tel:+34621404584\">621 404 584<\/a><\/p>\n<p style=\"text-align: justify;\"><b>D\u00e9part : <\/b>Gare maritime de Vilanova de Arousa.<\/p>\n<div>\n    <a href=\"https:\/\/www.illatours-peregrina.com\/\" class=\"ui-btn ui-corner-all ui-shadow\">R\u00e9server avec Illa Tours<\/a>\n<\/div>\n<p>                  <center><\/p>\n<h3 class=\"ui-bar ui-bar-a\">Informations pratiques<\/h3>\n<p><\/center><\/p>\n<p style=\"text-align: justify;\"><b>Horaires : <\/b>changent chaque jour selon les mar\u00e9es et peuvent \u00e9galement \u00eatre modifi\u00e9s en raison des conditions m\u00e9t\u00e9orologiques ou d\u2019un nombre insuffisant de passagers. Il est indispensable de v\u00e9rifier l\u2019horaire correspondant \u00e0 la date choisie.<\/p>\n<p style=\"text-align: justify;\"><b>R\u00e9servations : <\/b>il est recommand\u00e9 de r\u00e9server plusieurs jours \u00e0 l\u2019avance et de se pr\u00e9senter \u00e0 la gare maritime entre 10 et 15 minutes avant le d\u00e9part.<\/p>\n<p style=\"text-align: justify;\"><b>Bagages : <\/b>les sacs \u00e0 dos peuvent voyager \u00e0 bord. Les v\u00e9los, animaux de compagnie ou bagages sp\u00e9ciaux doivent \u00eatre signal\u00e9s lors de la r\u00e9servation.<\/p>\n<p style=\"text-align: justify;\"><b>Recommandations : <\/b>pr\u00e9voyez une veste ou un coupe-vent, m\u00eame en \u00e9t\u00e9, ainsi qu\u2019une protection solaire.<\/p>\n<p style=\"text-align: justify;\"><b>Le billet comprend : <\/b>la travers\u00e9e de Vilanova de Arousa \u00e0 Pontecesures et, selon la compagnie, des explications guid\u00e9es, le tamponnage de la cr\u00e9dencial et d\u2019autres services. Il ne comprend pas le trajet \u00e0 pied ult\u00e9rieur jusqu\u2019\u00e0 Padr\u00f3n ni le d\u00e9placement vers Santiago.<\/p>\n<\/div>\n<\/div><\/div><div id=\"panel-45248-3-1-2\" class=\"so-panel widget widget_sow-editor widgetopts-SO\" data-index=\"11\" ><div\n\t\t\t\n\t\t\tclass=\"so-widget-sow-editor so-widget-sow-editor-base\"\n\t\t\t\n\t\t>\n<div class=\"siteorigin-widget-tinymce textwidget\">\n\t<h3 style=\"text-align: center;\">Photos<\/h3>\n<\/div>\n<\/div><\/div><div id=\"panel-45248-3-1-3\" class=\"so-panel widget widget_sow-editor panel-last-child\" data-index=\"12\" ><div\n\t\t\t\n\t\t\tclass=\"so-widget-sow-editor so-widget-sow-editor-base\"\n\t\t\t\n\t\t>\n<div class=\"siteorigin-widget-tinymce textwidget\">\n\t<p>\t    <center><img decoding=\"async\" src=\"https:\/\/peregrino.online\/camino-de-santiago\/espiritual\/fotos\/3\/salida1.jpg\"><\/center><br \/>\n    <center><\/p>\n<h5 class=\"ui-bar ui-bar-a\">Salida<\/h5>\n<p><\/center><br \/>\n    <center><img decoding=\"async\" src=\"https:\/\/peregrino.online\/camino-de-santiago\/espiritual\/fotos\/3\/salida2.jpg\"><\/center><br \/>\n    <center><\/p>\n<h5 class=\"ui-bar ui-bar-a\">Salida<\/h5>\n<p><\/center><br \/>\n    <center><img decoding=\"async\" src=\"https:\/\/peregrino.online\/camino-de-santiago\/espiritual\/fotos\/3\/salida3.jpg\"><\/center><br \/>\n    <center><\/p>\n<h5 class=\"ui-bar ui-bar-a\">Salida<\/h5>\n<p><\/center><br \/>\n    <center><img decoding=\"async\" src=\"https:\/\/peregrino.online\/camino-de-santiago\/espiritual\/fotos\/3\/salida4.jpg\"><\/center><br \/>\n    <center><\/p>\n<h5 class=\"ui-bar ui-bar-a\">Salida<\/h5>\n<p><\/center><br \/>\n    <center><img decoding=\"async\" src=\"https:\/\/peregrino.online\/camino-de-santiago\/espiritual\/fotos\/3\/salida5.jpg\"><\/center><br \/>\n    <center><\/p>\n<h5 class=\"ui-bar ui-bar-a\">Salida<\/h5>\n<p><\/center><br \/>\n    <center><img decoding=\"async\" src=\"https:\/\/peregrino.online\/camino-de-santiago\/espiritual\/fotos\/3\/salida6.jpg\"><\/center><br \/>\n    <center><\/p>\n<h5 class=\"ui-bar ui-bar-a\">Salida<\/h5>\n<p><\/center><br \/>\n    <center><img decoding=\"async\" src=\"https:\/\/peregrino.online\/camino-de-santiago\/espiritual\/fotos\/3\/salida7.jpg\"><\/center><br \/>\n    <center><\/p>\n<h5 class=\"ui-bar ui-bar-a\">Salida<\/h5>\n<p><\/center><br \/>\n    <center><img decoding=\"async\" src=\"https:\/\/peregrino.online\/camino-de-santiago\/espiritual\/fotos\/3\/salida8.jpg\"><\/center><br \/>\n    <center><\/p>\n<h5 class=\"ui-bar ui-bar-a\">Salida<\/h5>\n<p><\/center><br \/>\n    <center><img decoding=\"async\" src=\"https:\/\/peregrino.online\/camino-de-santiago\/espiritual\/fotos\/3\/salida9.jpg\"><\/center><br \/>\n    <center><\/p>\n<h5 class=\"ui-bar ui-bar-a\">Salida<\/h5>\n<p><\/center><\/p>\n<p>    <center><img decoding=\"async\" src=\"https:\/\/peregrino.online\/camino-de-santiago\/espiritual\/fotos\/3\/llegada1.jpg\"><\/center><br \/>\n    <center><\/p>\n<h5 class=\"ui-bar ui-bar-a\">Llegada<\/h5>\n<p><\/center><br \/>\n    <center><img decoding=\"async\" src=\"https:\/\/peregrino.online\/camino-de-santiago\/espiritual\/fotos\/3\/llegada2.jpg\"><\/center><br \/>\n    <center><\/p>\n<h5 class=\"ui-bar ui-bar-a\">Llegada<\/h5>\n<p><\/center><br \/>\n    <center><img decoding=\"async\" src=\"https:\/\/peregrino.online\/camino-de-santiago\/espiritual\/fotos\/3\/llegada3.jpg\"><\/center><br \/>\n    <center><\/p>\n<h5 class=\"ui-bar ui-bar-a\">Llegada<\/h5>\n<p><\/center><\/p>\n<\/div>\n<\/div><\/div><\/div><\/div><\/div>","protected":false},"excerpt":{"rendered":"<p>&lt;&lt;&lt; 2.Armenteira-Vilanova de Arousa Chemin Portugais 10.Caldas de Reis-Padron &gt;&gt;&gt; &lt;&lt;&lt;2. Chemin Portugais 10.&gt;&gt;&gt; &nbsp;<\/p>\n","protected":false},"author":1,"featured_media":0,"comment_status":"closed","ping_status":"closed","sticky":false,"template":"","format":"standard","meta":{"footnotes":""},"categories":[1020],"tags":[],"class_list":["post-45248","post","type-post","status-publish","format-standard","hentry","category-espiritual"],"_links":{"self":[{"href":"https:\/\/www.peregrino.online\/fr\/wp-json\/wp\/v2\/posts\/45248","targetHints":{"allow":["GET"]}}],"collection":[{"href":"https:\/\/www.peregrino.online\/fr\/wp-json\/wp\/v2\/posts"}],"about":[{"href":"https:\/\/www.peregrino.online\/fr\/wp-json\/wp\/v2\/types\/post"}],"author":[{"embeddable":true,"href":"https:\/\/www.peregrino.online\/fr\/wp-json\/wp\/v2\/users\/1"}],"replies":[{"embeddable":true,"href":"https:\/\/www.peregrino.online\/fr\/wp-json\/wp\/v2\/comments?post=45248"}],"version-history":[{"count":4,"href":"https:\/\/www.peregrino.online\/fr\/wp-json\/wp\/v2\/posts\/45248\/revisions"}],"predecessor-version":[{"id":45311,"href":"https:\/\/www.peregrino.online\/fr\/wp-json\/wp\/v2\/posts\/45248\/revisions\/45311"}],"wp:attachment":[{"href":"https:\/\/www.peregrino.online\/fr\/wp-json\/wp\/v2\/media?parent=45248"}],"wp:term":[{"taxonomy":"category","embeddable":true,"href":"https:\/\/www.peregrino.online\/fr\/wp-json\/wp\/v2\/categories?post=45248"},{"taxonomy":"post_tag","embeddable":true,"href":"https:\/\/www.peregrino.online\/fr\/wp-json\/wp\/v2\/tags?post=45248"}],"curies":[{"name":"wp","href":"https:\/\/api.w.org\/{rel}","templated":true}]}}