{"id":45208,"date":"2026-08-31T06:45:31","date_gmt":"2026-08-31T06:45:31","guid":{"rendered":"https:\/\/www.peregrino.online\/?p=45208"},"modified":"2026-08-31T11:00:40","modified_gmt":"2026-08-31T11:00:40","slug":"3-vilanova-de-arousa-pontecesures","status":"publish","type":"post","link":"https:\/\/www.peregrino.online\/fr\/chemin-portugais-central-cote\/etapas\/spirituelle-3-vilanova-de-arousa-pontecesures\/","title":{"rendered":"3.Vilanova de Arousa-Pontecesures"},"content":{"rendered":"<div id=\"pl-45208\"  class=\"panel-layout\" ><div id=\"pg-45208-0\"  class=\"panel-grid panel-no-style\" ><div id=\"pgc-45208-0-0\"  class=\"panel-grid-cell\" ><div id=\"panel-45208-0-0-0\" class=\"so-panel widget widget_sow-editor panel-first-child panel-last-child widgetopts-SO\" data-index=\"0\" ><div\n\t\t\t\n\t\t\tclass=\"so-widget-sow-editor so-widget-sow-editor-base\"\n\t\t\t\n\t\t>\n<div class=\"siteorigin-widget-tinymce textwidget\">\n\t<p><a href=\"https:\/\/www.peregrino.online\/fr\/chemin-portugais-central-cote\/etapas\/spirituelle-2-armenteira-vilanova-de-arousa\/\">&lt;&lt;&lt; 2.Armenteira-Vilanova de Arousa<\/a><\/p>\n<\/div>\n<\/div><\/div><\/div><div id=\"pgc-45208-0-1\"  class=\"panel-grid-cell\" ><div id=\"panel-45208-0-1-0\" class=\"so-panel widget widget_sow-editor panel-first-child panel-last-child widgetopts-SO\" data-index=\"1\" ><div\n\t\t\t\n\t\t\tclass=\"so-widget-sow-editor so-widget-sow-editor-base\"\n\t\t\t\n\t\t>\n<div class=\"siteorigin-widget-tinymce textwidget\">\n\t<h3 style=\"text-align: center;\"><a href=\"https:\/\/www.peregrino.online\/fr\/camino-portugues-central-costa\/\">Chemin Portugais<\/a><\/h3>\n<\/div>\n<\/div><\/div><\/div><div id=\"pgc-45208-0-2\"  class=\"panel-grid-cell\" ><div id=\"panel-45208-0-2-0\" class=\"so-panel widget widget_sow-editor panel-first-child panel-last-child widgetopts-SO\" data-index=\"2\" ><div\n\t\t\t\n\t\t\tclass=\"so-widget-sow-editor so-widget-sow-editor-base\"\n\t\t\t\n\t\t>\n<div class=\"siteorigin-widget-tinymce textwidget\">\n\t<p style=\"text-align: right;\"><a href=\"https:\/\/www.peregrino.online\/fr\/chemin-portugais-central-cote\/etapas\/10-caldas-de-reis-padron\/\">10.Caldas de Reis-Padron &gt;&gt;&gt;<\/a><\/p>\n<\/div>\n<\/div><\/div><\/div><\/div><div id=\"pg-45208-1\"  class=\"panel-grid panel-no-style\" ><div id=\"pgc-45208-1-0\"  class=\"panel-grid-cell\" ><div id=\"panel-45208-1-0-0\" class=\"so-panel widget widget_sow-editor panel-first-child\" data-index=\"3\" ><div\n\t\t\t\n\t\t\tclass=\"so-widget-sow-editor so-widget-sow-editor-base\"\n\t\t\t\n\t\t>\n<div class=\"siteorigin-widget-tinymce textwidget\">\n\t<h3 style=\"text-align: center;\"><a href=\"https:\/\/www.peregrino.online\/app-para-android-y-iphone\/\"><\/a><\/h3>\n<\/div>\n<\/div><\/div><div id=\"panel-45208-1-0-1\" class=\"so-panel widget widget_sow-editor panel-last-child widgetopts-SO\" data-index=\"4\" ><div\n\t\t\t\n\t\t\tclass=\"so-widget-sow-editor so-widget-sow-editor-base\"\n\t\t\t\n\t\t>\n<div class=\"siteorigin-widget-tinymce textwidget\">\n\t<div style=\"display: flex; justify-content: space-between; align-items: center; width: 100%;\">\n<div style=\"flex: 1; text-align: left;\"><a style=\"text-decoration: none;\" href=\"https:\/\/www.peregrino.online\/fr\/chemin-portugais-central-cote\/etapas\/spirituelle-2-armenteira-vilanova-de-arousa\/\">&lt;&lt;&lt;2.<\/a><\/div>\n<div style=\"flex: 1; text-align: center;\"><a style=\"text-decoration: none;\" href=\"https:\/\/www.peregrino.online\/fr\/camino-portugues-central-costa\/\">Chemin Portugais<\/a><\/div>\n<div style=\"flex: 1; text-align: right;\"><a style=\"text-decoration: none;\" href=\"https:\/\/www.peregrino.online\/fr\/chemin-portugais-central-cote\/etapas\/10-caldas-de-reis-padron\/\">10.&gt;&gt;&gt;<\/a><\/div>\n<\/div>\n<p>&nbsp;<\/p>\n<\/div>\n<\/div><\/div><\/div><\/div><div id=\"pg-45208-2\"  class=\"panel-grid panel-no-style\" ><div id=\"pgc-45208-2-0\"  class=\"panel-grid-cell\" ><div id=\"panel-45208-2-0-0\" class=\"so-panel widget widget_sow-editor panel-first-child widgetopts-SO\" data-index=\"5\" ><div\n\t\t\t\n\t\t\tclass=\"so-widget-sow-editor so-widget-sow-editor-base\"\n\t\t\t\n\t\t>\n<div class=\"siteorigin-widget-tinymce textwidget\">\n\t<h2 class=\"etapa-heading\">Variante Spirituelle<\/h2>\n<h2 class=\"etapa-heading\">3.Vilanova de Arousa-Pontecesures<\/h2>\n<\/div>\n<\/div><\/div><div id=\"panel-45208-2-0-1\" class=\"so-panel widget widget_sow-editor panel-last-child\" data-index=\"6\" ><div\n\t\t\t\n\t\t\tclass=\"so-widget-sow-editor so-widget-sow-editor-base\"\n\t\t\t\n\t\t>\n<div class=\"siteorigin-widget-tinymce textwidget\">\n\t<p>\t<iframe loading=\"lazy\" src=\"https:\/\/www.google.com\/maps\/d\/embed?mid=1izHMy6ncTSyEH0Yi0lulw4kUG0TuE78\" width=\"1000\" height=\"480\"><\/iframe><\/p>\n<\/div>\n<\/div><\/div><\/div><\/div><div id=\"pg-45208-3\"  class=\"panel-grid panel-no-style\" ><div id=\"pgc-45208-3-0\"  class=\"panel-grid-cell\" ><div id=\"panel-45208-3-0-0\" class=\"so-panel widget widget_sow-editor panel-first-child widgetopts-SO\" data-index=\"7\" ><div\n\t\t\t\n\t\t\tclass=\"so-widget-sow-editor so-widget-sow-editor-base\"\n\t\t\t\n\t\t>\n<div class=\"siteorigin-widget-tinymce textwidget\">\n\t<h3 style=\"text-align: center;\"><strong>H\u00e9bergements de l\u2019\u00e9tape<\/strong><\/h3>\n<\/div>\n<\/div><\/div><div id=\"panel-45208-3-0-1\" class=\"widget_text so-panel widget widget_custom_html panel-last-child widgetopts-SO\" data-index=\"8\" ><div class=\"textwidget custom-html-widget\">\n<\/div><\/div><\/div><div id=\"pgc-45208-3-1\"  class=\"panel-grid-cell\" ><div id=\"panel-45208-3-1-0\" class=\"so-panel widget widget_sow-editor panel-first-child\" data-index=\"9\" ><div\n\t\t\t\n\t\t\tclass=\"so-widget-sow-editor so-widget-sow-editor-base\"\n\t\t\t\n\t\t>\n<div class=\"siteorigin-widget-tinymce textwidget\">\n\t<h3 style=\"text-align: center;\">3.Vilanova de Arousa-Pontecesures<\/h3>\n<p><img decoding=\"async\" class=\"aligncenter\" style=\"width: 600px; height: 245px;\" src=\"https:\/\/peregrino.online\/camino-de-santiago\/espiritual\/fotos\/inicio\/perfil3.png\" alt=\"3.Vilanova de Arousa-Pontecesures\"><\/p>\n<\/div>\n<\/div><\/div><div id=\"panel-45208-3-1-1\" class=\"so-panel widget widget_sow-editor widgetopts-SO\" data-index=\"10\" ><div\n\t\t\t\n\t\t\tclass=\"so-widget-sow-editor so-widget-sow-editor-base\"\n\t\t\t\n\t\t>\n<div class=\"siteorigin-widget-tinymce textwidget\">\n\t<p>                  <center><\/p>\n<h3 class=\"ui-bar ui-bar-a\">Distances de l\u2019itin\u00e9raire<\/h3>\n<p><\/center><\/p>\n<p><!--D\u00c9BUT DISTANCES DE L\u2019ITIN\u00c9RAIRE--> <\/p>\n<p style=\"text-align: justify;\">(1)Vilanova de Arousa-(2)Vilaxo\u00e1n: 0-6,1 km<\/p>\n<p style=\"text-align: justify;\">(2)Vilaxo\u00e1n-(3)Vilagarc\u00eda de Arousa: 6,1-9,2 km (3,1 km)<\/p>\n<p style=\"text-align: justify;\">(3)Vilagarc\u00eda de Arousa-(4)Carril: 9,2-12,5 km (3,3 km)<\/p>\n<p style=\"text-align: justify;\">(4)Carril-(5)Catoira: 12,5-19,8 km (7,3 km)<\/p>\n<p style=\"text-align: justify;\">(5)Catoira-(6)Pontecesures: 19,8-32,6 km (12,8 km)<\/p>\n<p><!--FIN DISTANCES DE L\u2019ITIN\u00c9RAIRE-->  <\/p>\n<p>                  <center><\/p>\n<h3 class=\"ui-bar ui-bar-a\">Description<\/h3>\n<p><\/center><\/p>\n<p><!--D\u00c9BUT DESCRIPTION DE L\u2019\u00c9TAPE--> <\/p>\n<p style=\"text-align: justify;\">Cette variante permet d\u2019effectuer par voie terrestre la troisi\u00e8me \u00e9tape de la Variante Spirituelle, en longeant en grande partie la ria d\u2019Arousa et la rivi\u00e8re Ulla. C\u2019est une longue journ\u00e9e avec peu de d\u00e9nivel\u00e9, mais elle reste exigeante en raison de la distance, de l\u2019asphalte et de certains tron\u00e7ons monotones le long des routes et des voies ferr\u00e9es.<\/p>\n<p style=\"text-align: justify;\">Depuis la gare maritime de Vilanova, le Chemin longe les plages d\u2019As Sinas et poursuit par la c\u00f4te jusqu\u2019\u00e0 Vilaxo\u00e1n et Vilagarc\u00eda de Arousa. Il emprunte ensuite la promenade de la plage de Compostela et atteint Carril, connu pour ses \u00e9levages de palourdes et ses vues sur l\u2019\u00eele de Cortegada.<\/p>\n<p style=\"text-align: justify;\">\u00c0 partir de Carril, l\u2019itin\u00e9raire s\u2019\u00e9loigne partiellement du littoral et alterne routes secondaires, villages et tron\u00e7ons de l\u2019ancien Camino Real. Certains chemins peuvent \u00eatre humides ou mal entretenus et il faut \u00eatre prudent aux travers\u00e9es de la route PO-548.<\/p>\n<p style=\"text-align: justify;\">L\u2019un des secteurs les plus int\u00e9ressants de l\u2019\u00e9tape commence \u00e0 Catoira. Un sentier fluvial conduit aux Torres de Oeste, une ancienne forteresse d\u00e9fensive construite pour prot\u00e9ger l\u2019acc\u00e8s \u00e0 Santiago des attaques vikings. Le Chemin continue sur des passerelles au-dessus des marais, puis traverse des for\u00eats et de petits villages de la commune de Valga.<\/p>\n<p style=\"text-align: justify;\">Pendant une grande partie des derniers kilom\u00e8tres, l\u2019itin\u00e9raire longe la voie ferr\u00e9e jusqu\u2019\u00e0 Pontecesures. Ici, la Variante Spirituelle rejoint le Chemin Portugais Central. Apr\u00e8s avoir travers\u00e9 le pont sur la rivi\u00e8re Ulla, il reste un peu plus de deux kilom\u00e8tres jusqu\u2019\u00e0 Padr\u00f3n, o\u00f9 l\u2019\u00e9tape se termine pr\u00e8s de l\u2019\u00e9glise de Santiago et de la promenade de l\u2019Espol\u00f3n<\/p>\n<p style=\"text-align: center;\"><strong>Recommandations<\/strong><\/p>\n<p style=\"text-align: justify;\">Il n\u2019y a pratiquement aucun h\u00e9bergement sur les 20 derniers km. Il faut en tenir compte lors de la planification de l\u2019\u00e9tape. Vous trouverez davantage d\u2019informations dans les fiches des h\u00e9bergements<\/p>\n<p style=\"text-align: justify;\">\n<p><!--FIN DESCRIPTION DE L\u2019\u00c9TAPE--><\/p>\n<\/div>\n<\/div><\/div><div id=\"panel-45208-3-1-2\" class=\"so-panel widget widget_sow-editor widgetopts-SO\" data-index=\"11\" ><div\n\t\t\t\n\t\t\tclass=\"so-widget-sow-editor so-widget-sow-editor-base\"\n\t\t\t\n\t\t>\n<div class=\"siteorigin-widget-tinymce textwidget\">\n\t<h3 style=\"text-align: center;\">Photos<\/h3>\n<\/div>\n<\/div><\/div><div id=\"panel-45208-3-1-3\" class=\"so-panel widget widget_sow-editor panel-last-child\" data-index=\"12\" ><div\n\t\t\t\n\t\t\tclass=\"so-widget-sow-editor so-widget-sow-editor-base\"\n\t\t\t\n\t\t>\n<div class=\"siteorigin-widget-tinymce textwidget\">\n\t<p>\t    <center><img decoding=\"async\" src=\"https:\/\/peregrino.online\/camino-de-santiago\/espiritual\/fotos\/3\/1Km0,2.jpg\"><\/center><br \/>\n    <center><\/p>\n<h5 class=\"ui-bar ui-bar-a\">1 Km0,2<\/h5>\n<p><\/center><\/p>\n<p>    <center><img decoding=\"async\" src=\"https:\/\/peregrino.online\/camino-de-santiago\/espiritual\/fotos\/3\/2Km0,8.jpg\"><\/center><br \/>\n    <center><\/p>\n<h5 class=\"ui-bar ui-bar-a\">2 Km0,8<\/h5>\n<p><\/center><\/p>\n<p>    <center><img decoding=\"async\" src=\"https:\/\/peregrino.online\/camino-de-santiago\/espiritual\/fotos\/3\/3Km2,1.jpg\"><\/center><br \/>\n    <center><\/p>\n<h5 class=\"ui-bar ui-bar-a\">3 Km2,1<\/h5>\n<p><\/center><\/p>\n<p>    <center><img decoding=\"async\" src=\"https:\/\/peregrino.online\/camino-de-santiago\/espiritual\/fotos\/3\/4Km3,2.jpg\"><\/center><br \/>\n    <center><\/p>\n<h5 class=\"ui-bar ui-bar-a\">4 Km3,2<\/h5>\n<p><\/center><\/p>\n<p>    <center><img decoding=\"async\" src=\"https:\/\/peregrino.online\/camino-de-santiago\/espiritual\/fotos\/3\/5Km4,0.jpg\"><\/center><br \/>\n    <center><\/p>\n<h5 class=\"ui-bar ui-bar-a\">5 Km4,0<\/h5>\n<p><\/center><\/p>\n<p>    <center><img decoding=\"async\" src=\"https:\/\/peregrino.online\/camino-de-santiago\/espiritual\/fotos\/3\/6Km5,3.jpg\"><\/center><br \/>\n    <center><\/p>\n<h5 class=\"ui-bar ui-bar-a\">6 Km5,3<\/h5>\n<p><\/center><\/p>\n<p>    <center><img decoding=\"async\" src=\"https:\/\/peregrino.online\/camino-de-santiago\/espiritual\/fotos\/3\/7Km6,4.jpg\"><\/center><br \/>\n    <center><\/p>\n<h5 class=\"ui-bar ui-bar-a\">7 Km6,4<\/h5>\n<p><\/center><\/p>\n<p>    <center><img decoding=\"async\" src=\"https:\/\/peregrino.online\/camino-de-santiago\/espiritual\/fotos\/3\/8Km7,4.jpg\"><\/center><br \/>\n    <center><\/p>\n<h5 class=\"ui-bar ui-bar-a\">8 Km7,4<\/h5>\n<p><\/center><\/p>\n<p>    <center><img decoding=\"async\" src=\"https:\/\/peregrino.online\/camino-de-santiago\/espiritual\/fotos\/3\/9Km9,9.jpg\"><\/center><br \/>\n    <center><\/p>\n<h5 class=\"ui-bar ui-bar-a\">9 Km9,9<\/h5>\n<p><\/center><\/p>\n<p>    <center><img decoding=\"async\" src=\"https:\/\/peregrino.online\/camino-de-santiago\/espiritual\/fotos\/3\/10Km11,4.jpg\"><\/center><br \/>\n    <center><\/p>\n<h5 class=\"ui-bar ui-bar-a\">10 Km11,4<\/h5>\n<p><\/center><\/p>\n<p>    <center><img decoding=\"async\" src=\"https:\/\/peregrino.online\/camino-de-santiago\/espiritual\/fotos\/3\/11Km12,9.jpg\"><\/center><br \/>\n    <center><\/p>\n<h5 class=\"ui-bar ui-bar-a\">11 Km12,9<\/h5>\n<p><\/center><\/p>\n<p>    <center><img decoding=\"async\" src=\"https:\/\/peregrino.online\/camino-de-santiago\/espiritual\/fotos\/3\/12Km13,7.jpg\"><\/center><br \/>\n    <center><\/p>\n<h5 class=\"ui-bar ui-bar-a\">12 Km13,7<\/h5>\n<p><\/center><\/p>\n<p>    <center><img decoding=\"async\" src=\"https:\/\/peregrino.online\/camino-de-santiago\/espiritual\/fotos\/3\/13Km14,1.jpg\"><\/center><br \/>\n    <center><\/p>\n<h5 class=\"ui-bar ui-bar-a\">13 Km14,1<\/h5>\n<p><\/center><\/p>\n<p>    <center><img decoding=\"async\" src=\"https:\/\/peregrino.online\/camino-de-santiago\/espiritual\/fotos\/3\/14Km14,5.jpg\"><\/center><br \/>\n    <center><\/p>\n<h5 class=\"ui-bar ui-bar-a\">14 Km14,5<\/h5>\n<p><\/center><\/p>\n<p>    <center><img decoding=\"async\" src=\"https:\/\/peregrino.online\/camino-de-santiago\/espiritual\/fotos\/3\/15Km15,3.jpg\"><\/center><br \/>\n    <center><\/p>\n<h5 class=\"ui-bar ui-bar-a\">15 Km15,3<\/h5>\n<p><\/center><\/p>\n<p>    <center><img decoding=\"async\" src=\"https:\/\/peregrino.online\/camino-de-santiago\/espiritual\/fotos\/3\/16Km16,7.jpg\"><\/center><br \/>\n    <center><\/p>\n<h5 class=\"ui-bar ui-bar-a\">16 Km16,7<\/h5>\n<p><\/center><\/p>\n<p>    <center><img decoding=\"async\" src=\"https:\/\/peregrino.online\/camino-de-santiago\/espiritual\/fotos\/3\/17Km17,5.jpg\"><\/center><br \/>\n    <center><\/p>\n<h5 class=\"ui-bar ui-bar-a\">17 Km17,5<\/h5>\n<p><\/center><\/p>\n<p>    <center><img decoding=\"async\" src=\"https:\/\/peregrino.online\/camino-de-santiago\/espiritual\/fotos\/3\/18Km17,7.jpg\"><\/center><br \/>\n    <center><\/p>\n<h5 class=\"ui-bar ui-bar-a\">18 Km17,7<\/h5>\n<p><\/center><\/p>\n<p>    <center><img decoding=\"async\" src=\"https:\/\/peregrino.online\/camino-de-santiago\/espiritual\/fotos\/3\/19Km18,3.jpg\"><\/center><br \/>\n    <center><\/p>\n<h5 class=\"ui-bar ui-bar-a\">19 Km18,3<\/h5>\n<p><\/center><\/p>\n<p>    <center><img decoding=\"async\" src=\"https:\/\/peregrino.online\/camino-de-santiago\/espiritual\/fotos\/3\/20Km19,2.jpg\"><\/center><br \/>\n    <center><\/p>\n<h5 class=\"ui-bar ui-bar-a\">20 Km19,2<\/h5>\n<p><\/center><\/p>\n<p>    <center><img decoding=\"async\" src=\"https:\/\/peregrino.online\/camino-de-santiago\/espiritual\/fotos\/3\/21Km19,9.jpg\"><\/center><br \/>\n    <center><\/p>\n<h5 class=\"ui-bar ui-bar-a\">21 Km19,9<\/h5>\n<p><\/center><\/p>\n<p>    <center><img decoding=\"async\" src=\"https:\/\/peregrino.online\/camino-de-santiago\/espiritual\/fotos\/3\/22Km20,1.jpg\"><\/center><br \/>\n    <center><\/p>\n<h5 class=\"ui-bar ui-bar-a\">22 Km20,1<\/h5>\n<p><\/center><\/p>\n<p>    <center><img decoding=\"async\" src=\"https:\/\/peregrino.online\/camino-de-santiago\/espiritual\/fotos\/3\/23Km21,6.jpg\"><\/center><br \/>\n    <center><\/p>\n<h5 class=\"ui-bar ui-bar-a\">23 Km21,6<\/h5>\n<p><\/center><\/p>\n<p>    <center><img decoding=\"async\" src=\"https:\/\/peregrino.online\/camino-de-santiago\/espiritual\/fotos\/3\/24Km25,1.jpg\"><\/center><br \/>\n    <center><\/p>\n<h5 class=\"ui-bar ui-bar-a\">24 Km25,1<\/h5>\n<p><\/center><\/p>\n<p>    <center><img decoding=\"async\" src=\"https:\/\/peregrino.online\/camino-de-santiago\/espiritual\/fotos\/3\/25Km25,3.jpg\"><\/center><br \/>\n    <center><\/p>\n<h5 class=\"ui-bar ui-bar-a\">25 Km25,3<\/h5>\n<p><\/center><\/p>\n<p>    <center><img decoding=\"async\" src=\"https:\/\/peregrino.online\/camino-de-santiago\/espiritual\/fotos\/3\/26Km26,1.jpg\"><\/center><br \/>\n    <center><\/p>\n<h5 class=\"ui-bar ui-bar-a\">26 Km26,1<\/h5>\n<p><\/center><\/p>\n<p>    <center><img decoding=\"async\" src=\"https:\/\/peregrino.online\/camino-de-santiago\/espiritual\/fotos\/3\/27Km26,9.jpg\"><\/center><br \/>\n    <center><\/p>\n<h5 class=\"ui-bar ui-bar-a\">27 Km26,9<\/h5>\n<p><\/center><\/p>\n<p>    <center><img decoding=\"async\" src=\"https:\/\/peregrino.online\/camino-de-santiago\/espiritual\/fotos\/3\/28Km28,3.jpg\"><\/center><br \/>\n    <center><\/p>\n<h5 class=\"ui-bar ui-bar-a\">28 Km28,3<\/h5>\n<p><\/center><\/p>\n<p>    <center><img decoding=\"async\" src=\"https:\/\/peregrino.online\/camino-de-santiago\/espiritual\/fotos\/3\/29Km29,9.jpg\"><\/center><br \/>\n    <center><\/p>\n<h5 class=\"ui-bar ui-bar-a\">29 Km29,9<\/h5>\n<p><\/center><\/p>\n<p>    <center><img decoding=\"async\" src=\"https:\/\/peregrino.online\/camino-de-santiago\/espiritual\/fotos\/3\/30Km30,4.jpg\"><\/center><br \/>\n    <center><\/p>\n<h5 class=\"ui-bar ui-bar-a\">30 Km30,4<\/h5>\n<p><\/center><\/p>\n<p>    <center><img decoding=\"async\" src=\"https:\/\/peregrino.online\/camino-de-santiago\/espiritual\/fotos\/3\/31Km30,8.jpg\"><\/center><br \/>\n    <center><\/p>\n<h5 class=\"ui-bar ui-bar-a\">31 Km30,8<\/h5>\n<p><\/center><\/p>\n<p>    <center><img decoding=\"async\" src=\"https:\/\/peregrino.online\/camino-de-santiago\/espiritual\/fotos\/3\/32Km31,1.jpg\"><\/center><br \/>\n    <center><\/p>\n<h5 class=\"ui-bar ui-bar-a\">32 Km31,1<\/h5>\n<p><\/center><\/p>\n<p>    <center><img decoding=\"async\" src=\"https:\/\/peregrino.online\/camino-de-santiago\/espiritual\/fotos\/3\/33Km31,5.jpg\"><\/center><br \/>\n    <center><\/p>\n<h5 class=\"ui-bar ui-bar-a\">33 Km31,5<\/h5>\n<p><\/center><\/p>\n<p>    <center><img decoding=\"async\" src=\"https:\/\/peregrino.online\/camino-de-santiago\/espiritual\/fotos\/3\/34Km32,0.jpg\"><\/center><br \/>\n    <center><\/p>\n<h5 class=\"ui-bar ui-bar-a\">34 Km32,0<\/h5>\n<p><\/center><\/p>\n<p>    <center><img decoding=\"async\" src=\"https:\/\/peregrino.online\/camino-de-santiago\/espiritual\/fotos\/3\/35Km32,6.jpg\"><\/center><br \/>\n    <center><\/p>\n<h5 class=\"ui-bar ui-bar-a\">35 Km32,6<\/h5>\n<p><\/center><\/p>\n<\/div>\n<\/div><\/div><\/div><\/div><\/div>","protected":false},"excerpt":{"rendered":"<p>&lt;&lt;&lt; 2.Armenteira-Vilanova de Arousa Chemin Portugais 10.Caldas de Reis-Padron &gt;&gt;&gt; &lt;&lt;&lt;2. Chemin Portugais 10.&gt;&gt;&gt; &nbsp;<\/p>\n","protected":false},"author":1,"featured_media":0,"comment_status":"closed","ping_status":"closed","sticky":false,"template":"","format":"standard","meta":{"footnotes":""},"categories":[1020],"tags":[],"class_list":["post-45208","post","type-post","status-publish","format-standard","hentry","category-espiritual"],"_links":{"self":[{"href":"https:\/\/www.peregrino.online\/fr\/wp-json\/wp\/v2\/posts\/45208","targetHints":{"allow":["GET"]}}],"collection":[{"href":"https:\/\/www.peregrino.online\/fr\/wp-json\/wp\/v2\/posts"}],"about":[{"href":"https:\/\/www.peregrino.online\/fr\/wp-json\/wp\/v2\/types\/post"}],"author":[{"embeddable":true,"href":"https:\/\/www.peregrino.online\/fr\/wp-json\/wp\/v2\/users\/1"}],"replies":[{"embeddable":true,"href":"https:\/\/www.peregrino.online\/fr\/wp-json\/wp\/v2\/comments?post=45208"}],"version-history":[{"count":6,"href":"https:\/\/www.peregrino.online\/fr\/wp-json\/wp\/v2\/posts\/45208\/revisions"}],"predecessor-version":[{"id":45310,"href":"https:\/\/www.peregrino.online\/fr\/wp-json\/wp\/v2\/posts\/45208\/revisions\/45310"}],"wp:attachment":[{"href":"https:\/\/www.peregrino.online\/fr\/wp-json\/wp\/v2\/media?parent=45208"}],"wp:term":[{"taxonomy":"category","embeddable":true,"href":"https:\/\/www.peregrino.online\/fr\/wp-json\/wp\/v2\/categories?post=45208"},{"taxonomy":"post_tag","embeddable":true,"href":"https:\/\/www.peregrino.online\/fr\/wp-json\/wp\/v2\/tags?post=45208"}],"curies":[{"name":"wp","href":"https:\/\/api.w.org\/{rel}","templated":true}]}}