{"id":45064,"date":"2026-08-31T05:49:38","date_gmt":"2026-08-31T05:49:38","guid":{"rendered":"https:\/\/www.peregrino.online\/?p=45064"},"modified":"2026-08-31T11:00:13","modified_gmt":"2026-08-31T11:00:13","slug":"2-armenteira-vilanova-de-arousa","status":"publish","type":"post","link":"https:\/\/www.peregrino.online\/fr\/chemin-portugais-central-cote\/etapas\/spirituelle-2-armenteira-vilanova-de-arousa\/","title":{"rendered":"2.Armenteira-Vilanova de Arousa"},"content":{"rendered":"<div id=\"pl-45064\"  class=\"panel-layout\" ><div id=\"pg-45064-0\"  class=\"panel-grid panel-no-style\" ><div id=\"pgc-45064-0-0\"  class=\"panel-grid-cell\" ><div id=\"panel-45064-0-0-0\" class=\"so-panel widget widget_sow-editor panel-first-child panel-last-child widgetopts-SO\" data-index=\"0\" ><div\n\t\t\t\n\t\t\tclass=\"so-widget-sow-editor so-widget-sow-editor-base\"\n\t\t\t\n\t\t>\n<div class=\"siteorigin-widget-tinymce textwidget\">\n\t<p><a href=\"https:\/\/www.peregrino.online\/fr\/chemin-portugais-central-cote\/etapas\/spirituelle-1-pontevedra-armenteira\/\">&lt;&lt;&lt; 1.Pontevedra-Armenteira<\/a><\/p>\n<\/div>\n<\/div><\/div><\/div><div id=\"pgc-45064-0-1\"  class=\"panel-grid-cell\" ><div id=\"panel-45064-0-1-0\" class=\"so-panel widget widget_sow-editor panel-first-child panel-last-child widgetopts-SO\" data-index=\"1\" ><div\n\t\t\t\n\t\t\tclass=\"so-widget-sow-editor so-widget-sow-editor-base\"\n\t\t\t\n\t\t>\n<div class=\"siteorigin-widget-tinymce textwidget\">\n\t<h3 style=\"text-align: center;\"><a href=\"https:\/\/www.peregrino.online\/fr\/camino-portugues-central-costa\/\">Chemin Portugais<\/a><\/h3>\n<\/div>\n<\/div><\/div><\/div><div id=\"pgc-45064-0-2\"  class=\"panel-grid-cell\" ><div id=\"panel-45064-0-2-0\" class=\"so-panel widget widget_sow-editor panel-first-child widgetopts-SO\" data-index=\"2\" ><div\n\t\t\t\n\t\t\tclass=\"so-widget-sow-editor so-widget-sow-editor-base\"\n\t\t\t\n\t\t>\n<div class=\"siteorigin-widget-tinymce textwidget\">\n\t<p style=\"text-align: right;\"><a href=\"https:\/\/www.peregrino.online\/fr\/chemin-portugais-central-cote\/etapas\/spirituelle-3-vilanova-de-arousa-pontecesures\/\">3.Vilanova de Arousa-Pontecesures &gt;&gt;&gt;<\/a><\/p>\n<\/div>\n<\/div><\/div><div id=\"panel-45064-0-2-1\" class=\"so-panel widget widget_sow-editor panel-last-child widgetopts-SO\" data-index=\"3\" ><div\n\t\t\t\n\t\t\tclass=\"so-widget-sow-editor so-widget-sow-editor-base\"\n\t\t\t\n\t\t>\n<div class=\"siteorigin-widget-tinymce textwidget\">\n\t<p style=\"text-align: right;\"><a href=\"https:\/\/www.peregrino.online\/fr\/chemin-portugais-central-cote\/etapas\/spirituelle-3-vilanova-de-arousa-pontecesures-bateau\/\">3.Vilanova de Arousa-Pontecesures BATEAU &gt;&gt;&gt;<\/a><\/p>\n<\/div>\n<\/div><\/div><\/div><\/div><div id=\"pg-45064-1\"  class=\"panel-grid panel-no-style\" ><div id=\"pgc-45064-1-0\"  class=\"panel-grid-cell\" ><div id=\"panel-45064-1-0-0\" class=\"so-panel widget widget_sow-editor panel-first-child\" data-index=\"4\" ><div\n\t\t\t\n\t\t\tclass=\"so-widget-sow-editor so-widget-sow-editor-base\"\n\t\t\t\n\t\t>\n<div class=\"siteorigin-widget-tinymce textwidget\">\n\t<h3 style=\"text-align: center;\"><a href=\"https:\/\/www.peregrino.online\/app-para-android-y-iphone\/\"><\/a><\/h3>\n<\/div>\n<\/div><\/div><div id=\"panel-45064-1-0-1\" class=\"so-panel widget widget_sow-editor panel-last-child widgetopts-SO\" data-index=\"5\" ><div\n\t\t\t\n\t\t\tclass=\"so-widget-sow-editor so-widget-sow-editor-base\"\n\t\t\t\n\t\t>\n<div class=\"siteorigin-widget-tinymce textwidget\">\n\t<div style=\"display: flex; justify-content: space-between; align-items: center; width: 100%;\">\n<div style=\"flex: 1; text-align: left;\"><a style=\"text-decoration: none;\" href=\"https:\/\/www.peregrino.online\/fr\/chemin-portugais-central-cote\/etapas\/spirituelle-1-pontevedra-armenteira\/\">&lt;&lt;&lt;1.<\/a><\/div>\n<div style=\"flex: 1; text-align: center;\"><a style=\"text-decoration: none;\" href=\"https:\/\/www.peregrino.online\/fr\/camino-portugues-central-costa\/\">Chemin Portugais<\/a><\/div>\n<div style=\"flex: 1; text-align: right;\"><a style=\"text-decoration: none;\" href=\"https:\/\/www.peregrino.online\/fr\/chemin-portugais-central-cote\/etapas\/spirituelle-3-vilanova-de-arousa-pontecesures\/\">3.&gt;&gt;&gt;<\/a><br \/>\n<a style=\"text-decoration: none;\" href=\"https:\/\/www.peregrino.online\/fr\/chemin-portugais-central-cote\/etapas\/spirituelle-3-vilanova-de-arousa-pontecesures-bateau\/\">3.BATEAU&gt;&gt;&gt;<\/a><\/div>\n<\/div>\n<p>&nbsp;<\/p>\n<\/div>\n<\/div><\/div><\/div><\/div><div id=\"pg-45064-2\"  class=\"panel-grid panel-no-style\" ><div id=\"pgc-45064-2-0\"  class=\"panel-grid-cell\" ><div id=\"panel-45064-2-0-0\" class=\"so-panel widget widget_sow-editor panel-first-child widgetopts-SO\" data-index=\"6\" ><div\n\t\t\t\n\t\t\tclass=\"so-widget-sow-editor so-widget-sow-editor-base\"\n\t\t\t\n\t\t>\n<div class=\"siteorigin-widget-tinymce textwidget\">\n\t<h2 class=\"etapa-heading\">Variante Spirituelle<\/h2>\n<h2 class=\"etapa-heading\">2.Armenteira-Vilanova de Arousa<\/h2>\n<\/div>\n<\/div><\/div><div id=\"panel-45064-2-0-1\" class=\"so-panel widget widget_sow-editor panel-last-child widgetopts-SO\" data-index=\"7\" ><div\n\t\t\t\n\t\t\tclass=\"so-widget-sow-editor so-widget-sow-editor-base\"\n\t\t\t\n\t\t>\n<div class=\"siteorigin-widget-tinymce textwidget\">\n\t<p><iframe loading=\"lazy\" src=\"https:\/\/www.google.com\/maps\/d\/embed?mid=11ZJKF7a5GZJGQgrbzWlX-hLdYDkSapE\" width=\"1000\" height=\"480\"><\/iframe><\/p>\n<\/div>\n<\/div><\/div><\/div><\/div><div id=\"pg-45064-3\"  class=\"panel-grid panel-no-style\" ><div id=\"pgc-45064-3-0\"  class=\"panel-grid-cell\" ><div id=\"panel-45064-3-0-0\" class=\"so-panel widget widget_sow-editor panel-first-child widgetopts-SO\" data-index=\"8\" ><div\n\t\t\t\n\t\t\tclass=\"so-widget-sow-editor so-widget-sow-editor-base\"\n\t\t\t\n\t\t>\n<div class=\"siteorigin-widget-tinymce textwidget\">\n\t<h3 style=\"text-align: center;\"><strong>H\u00e9bergements de l\u2019\u00e9tape<\/strong><\/h3>\n<\/div>\n<\/div><\/div><div id=\"panel-45064-3-0-1\" class=\"widget_text so-panel widget widget_custom_html panel-last-child widgetopts-SO\" data-index=\"9\" ><div class=\"textwidget custom-html-widget\">\n<\/div><\/div><\/div><div id=\"pgc-45064-3-1\"  class=\"panel-grid-cell\" ><div id=\"panel-45064-3-1-0\" class=\"so-panel widget widget_sow-editor panel-first-child\" data-index=\"10\" ><div\n\t\t\t\n\t\t\tclass=\"so-widget-sow-editor so-widget-sow-editor-base\"\n\t\t\t\n\t\t>\n<div class=\"siteorigin-widget-tinymce textwidget\">\n\t<h3 style=\"text-align: center;\">2.Armenteira-Vilanova de Arousa<\/h3>\n<p><img decoding=\"async\" class=\"aligncenter\" style=\"width: 600px; height: 245px;\" src=\"https:\/\/peregrino.online\/camino-de-santiago\/espiritual\/fotos\/inicio\/perfil2.png\" alt=\"2.Armenteira-Vilanova de Arousa\"><\/p>\n<\/div>\n<\/div><\/div><div id=\"panel-45064-3-1-1\" class=\"so-panel widget widget_sow-editor widgetopts-SO\" data-index=\"11\" ><div\n\t\t\t\n\t\t\tclass=\"so-widget-sow-editor so-widget-sow-editor-base\"\n\t\t\t\n\t\t>\n<div class=\"siteorigin-widget-tinymce textwidget\">\n\t<p>                  <center><\/p>\n<h3 class=\"ui-bar ui-bar-a\">Distances de l\u2019itin\u00e9raire<\/h3>\n<p><\/center><\/p>\n<p><!--D\u00c9BUT DISTANCES DE L\u2019ITIN\u00c9RAIRE--> <\/p>\n<p style=\"text-align: justify;\">(1)Armenteira-(2)Barrantes: 0-8,4 km<\/p>\n<p style=\"text-align: justify;\">(2)Barrantes-(3)Pontearnelas: 8,4-12,4 km (4,0 km)<\/p>\n<p style=\"text-align: justify;\">(3)Pontearnelas-(4)Vilanova de Arousa: 12,4-23,0 km (10,6 km)<\/p>\n<p><!--FIN DISTANCES DE L\u2019ITIN\u00c9RAIRE-->  <\/p>\n<p>                  <center><\/p>\n<h3 class=\"ui-bar ui-bar-a\">Description<\/h3>\n<p><\/center><\/p>\n<p><!--D\u00c9BUT DESCRIPTION DE L\u2019\u00c9TAPE--> <\/p>\n<p style=\"text-align: justify;\">La deuxi\u00e8me \u00e9tape de la Variante Spirituelle descend du monast\u00e8re d\u2019A Armenteira jusqu\u2019\u00e0 la ria d\u2019Arousa. Bien que la journ\u00e9e soit longue, le profil est favorable et ne pr\u00e9sente pas de difficult\u00e9 majeure, hormis une mont\u00e9e mod\u00e9r\u00e9e apr\u00e8s Ponte Arnelas.<\/p>\n<p style=\"text-align: justify;\">D\u00e8s le d\u00e9part, le Chemin s\u2019engage sur la Ruta da Pedra e da Auga, un magnifique sentier qui longe la rivi\u00e8re Armenteira entre cascades, passerelles, anciens moulins et luxuriante for\u00eat riveraine. La roche est souvent humide et peut \u00eatre glissante ; il convient donc d\u2019avancer avec prudence.<\/p>\n<p style=\"text-align: justify;\">\u00c0 la sortie de la for\u00eat, le paysage s\u2019ouvre sur les vignobles d\u2019albari\u00f1o d\u2019O Saln\u00e9s. L\u2019itin\u00e9raire continue par Barrantes et Cabanelas, en longeant les rives des rivi\u00e8res Armenteira et Umia jusqu\u2019\u00e0 Ponte Arnelas, un bon endroit pour se reposer et se ravitailler.<\/p>\n<p style=\"text-align: justify;\">De l\u00e0, le Chemin monte doucement par Tremoedo, entre petits villages, calvaires, fontaines et nouveaux vignobles. Une fois le point culminant franchi, la descente vers la ria d\u2019Arousa commence, celle-ci apparaissant au loin entre pin\u00e8des et eucalyptus.<\/p>\n<p style=\"text-align: justify;\">Les derniers kilom\u00e8tres longent la mer, sous le pont de l\u2019Illa de Arousa et face aux plages d\u2019O Terr\u00f3n. Une passerelle pi\u00e9tonne conduit enfin \u00e0 Vilanova de Arousa, o\u00f9 se trouve la gare maritime d\u2019o\u00f9 partent les bateaux de la Traslatio vers Pontecesures.<\/p>\n<p style=\"text-align: justify;\">C\u2019est une \u00e9tape tr\u00e8s vari\u00e9e et agr\u00e9able, qui commence entre moulins et cascades, traverse le paysage viticole d\u2019O Saln\u00e9s et s\u2019ach\u00e8ve au bord de la mer.<\/p>\n<p style=\"text-align: center;\"><strong>Recommandations<\/strong><\/p>\n<p style=\"text-align: justify;\">Des chaussures offrant une bonne adh\u00e9rence sont recommand\u00e9es pour la Ruta da Pedra e da Auga. Si vous pr\u00e9voyez d\u2019effectuer l\u2019\u00e9tape suivante en bateau, r\u00e9servez \u00e0 l\u2019avance et confirmez l\u2019horaire, car les d\u00e9parts d\u00e9pendent des mar\u00e9es et des conditions m\u00e9t\u00e9orologiques.<\/p>\n<p><!--FIN DESCRIPTION DE L\u2019\u00c9TAPE--><\/p>\n<\/div>\n<\/div><\/div><div id=\"panel-45064-3-1-2\" class=\"so-panel widget widget_sow-editor widgetopts-SO\" data-index=\"12\" ><div\n\t\t\t\n\t\t\tclass=\"so-widget-sow-editor so-widget-sow-editor-base\"\n\t\t\t\n\t\t>\n<div class=\"siteorigin-widget-tinymce textwidget\">\n\t<h3 style=\"text-align: center;\">Photos<\/h3>\n<\/div>\n<\/div><\/div><div id=\"panel-45064-3-1-3\" class=\"so-panel widget widget_sow-editor panel-last-child\" data-index=\"13\" ><div\n\t\t\t\n\t\t\tclass=\"so-widget-sow-editor so-widget-sow-editor-base\"\n\t\t\t\n\t\t>\n<div class=\"siteorigin-widget-tinymce textwidget\">\n\t<p>\t\t    <center><img decoding=\"async\" src=\"https:\/\/peregrino.online\/camino-de-santiago\/espiritual\/fotos\/1\/1Km0,0.jpg\"><\/center><br \/>\n    <center><\/p>\n<h5 class=\"ui-bar ui-bar-a\">1 Km0,0<\/h5>\n<p><\/center><\/p>\n<p>    <center><img decoding=\"async\" src=\"https:\/\/peregrino.online\/camino-de-santiago\/espiritual\/fotos\/1\/2Km0,8.jpg\"><\/center><br \/>\n    <center><\/p>\n<h5 class=\"ui-bar ui-bar-a\">2 Km0,8<\/h5>\n<p><\/center><\/p>\n<p>    <center><img decoding=\"async\" src=\"https:\/\/peregrino.online\/camino-de-santiago\/espiritual\/fotos\/1\/3Km1,2.jpg\"><\/center><br \/>\n    <center><\/p>\n<h5 class=\"ui-bar ui-bar-a\">3 Km1,2<\/h5>\n<p><\/center><\/p>\n<p>    <center><img decoding=\"async\" src=\"https:\/\/peregrino.online\/camino-de-santiago\/espiritual\/fotos\/1\/4Km2,1.jpg\"><\/center><br \/>\n    <center><\/p>\n<h5 class=\"ui-bar ui-bar-a\">4 Km2,1<\/h5>\n<p><\/center><\/p>\n<p>    <center><img decoding=\"async\" src=\"https:\/\/peregrino.online\/camino-de-santiago\/espiritual\/fotos\/1\/5Km2,3.jpg\"><\/center><br \/>\n    <center><\/p>\n<h5 class=\"ui-bar ui-bar-a\">5 Km2,3<\/h5>\n<p><\/center><\/p>\n<p>    <center><img decoding=\"async\" src=\"https:\/\/peregrino.online\/camino-de-santiago\/espiritual\/fotos\/1\/6Km2,9.jpg\"><\/center><br \/>\n    <center><\/p>\n<h5 class=\"ui-bar ui-bar-a\">6 Km2,9<\/h5>\n<p><\/center><\/p>\n<p>    <center><img decoding=\"async\" src=\"https:\/\/peregrino.online\/camino-de-santiago\/espiritual\/fotos\/1\/7Km3,4.jpg\"><\/center><br \/>\n    <center><\/p>\n<h5 class=\"ui-bar ui-bar-a\">7 Km3,4<\/h5>\n<p><\/center><\/p>\n<p>    <center><img decoding=\"async\" src=\"https:\/\/peregrino.online\/camino-de-santiago\/espiritual\/fotos\/1\/8Km3,9.jpg\"><\/center><br \/>\n    <center><\/p>\n<h5 class=\"ui-bar ui-bar-a\">8 Km3,9<\/h5>\n<p><\/center><\/p>\n<p>    <center><img decoding=\"async\" src=\"https:\/\/peregrino.online\/camino-de-santiago\/espiritual\/fotos\/1\/9Km4,7.jpg\"><\/center><br \/>\n    <center><\/p>\n<h5 class=\"ui-bar ui-bar-a\">9 Km4,7<\/h5>\n<p><\/center><\/p>\n<p>    <center><img decoding=\"async\" src=\"https:\/\/peregrino.online\/camino-de-santiago\/espiritual\/fotos\/1\/10Km5,2.jpg\"><\/center><br \/>\n    <center><\/p>\n<h5 class=\"ui-bar ui-bar-a\">10 Km5,2<\/h5>\n<p><\/center><\/p>\n<p>    <center><img decoding=\"async\" src=\"https:\/\/peregrino.online\/camino-de-santiago\/espiritual\/fotos\/1\/11Km6,1.jpg\"><\/center><br \/>\n    <center><\/p>\n<h5 class=\"ui-bar ui-bar-a\">11 Km6,1<\/h5>\n<p><\/center><\/p>\n<p>    <center><img decoding=\"async\" src=\"https:\/\/peregrino.online\/camino-de-santiago\/espiritual\/fotos\/1\/12Km6,6.jpg\"><\/center><br \/>\n    <center><\/p>\n<h5 class=\"ui-bar ui-bar-a\">12 Km6,6<\/h5>\n<p><\/center><\/p>\n<p>    <center><img decoding=\"async\" src=\"https:\/\/peregrino.online\/camino-de-santiago\/espiritual\/fotos\/1\/13Km7,1.jpg\"><\/center><br \/>\n    <center><\/p>\n<h5 class=\"ui-bar ui-bar-a\">13 Km7,1<\/h5>\n<p><\/center><\/p>\n<p>    <center><img decoding=\"async\" src=\"https:\/\/peregrino.online\/camino-de-santiago\/espiritual\/fotos\/1\/14Km8,6.jpg\"><\/center><br \/>\n    <center><\/p>\n<h5 class=\"ui-bar ui-bar-a\">14 Km8,6<\/h5>\n<p><\/center><\/p>\n<p>    <center><img decoding=\"async\" src=\"https:\/\/peregrino.online\/camino-de-santiago\/espiritual\/fotos\/1\/15Km8,9.jpg\"><\/center><br \/>\n    <center><\/p>\n<h5 class=\"ui-bar ui-bar-a\">15 Km8,9<\/h5>\n<p><\/center><\/p>\n<p>    <center><img decoding=\"async\" src=\"https:\/\/peregrino.online\/camino-de-santiago\/espiritual\/fotos\/1\/16Km9,3.jpg\"><\/center><br \/>\n    <center><\/p>\n<h5 class=\"ui-bar ui-bar-a\">16 Km9,3<\/h5>\n<p><\/center><\/p>\n<p>    <center><img decoding=\"async\" src=\"https:\/\/peregrino.online\/camino-de-santiago\/espiritual\/fotos\/1\/17Km10,6.jpg\"><\/center><br \/>\n    <center><\/p>\n<h5 class=\"ui-bar ui-bar-a\">17 Km10,6<\/h5>\n<p><\/center><\/p>\n<p>    <center><img decoding=\"async\" src=\"https:\/\/peregrino.online\/camino-de-santiago\/espiritual\/fotos\/1\/18Km11,6.jpg\"><\/center><br \/>\n    <center><\/p>\n<h5 class=\"ui-bar ui-bar-a\">18 Km11,6<\/h5>\n<p><\/center><\/p>\n<p>    <center><img decoding=\"async\" src=\"https:\/\/peregrino.online\/camino-de-santiago\/espiritual\/fotos\/1\/19Km12,4.jpg\"><\/center><br \/>\n    <center><\/p>\n<h5 class=\"ui-bar ui-bar-a\">19 Km12,4<\/h5>\n<p><\/center><\/p>\n<p>    <center><img decoding=\"async\" src=\"https:\/\/peregrino.online\/camino-de-santiago\/espiritual\/fotos\/1\/20Km13,0.jpg\"><\/center><br \/>\n    <center><\/p>\n<h5 class=\"ui-bar ui-bar-a\">20 Km13,0<\/h5>\n<p><\/center><\/p>\n<p>    <center><img decoding=\"async\" src=\"https:\/\/peregrino.online\/camino-de-santiago\/espiritual\/fotos\/1\/21Km14,0.jpg\"><\/center><br \/>\n    <center><\/p>\n<h5 class=\"ui-bar ui-bar-a\">21 Km14,0<\/h5>\n<p><\/center><\/p>\n<p>    <center><img decoding=\"async\" src=\"https:\/\/peregrino.online\/camino-de-santiago\/espiritual\/fotos\/1\/22Km14,6.jpg\"><\/center><br \/>\n    <center><\/p>\n<h5 class=\"ui-bar ui-bar-a\">22 Km14,6<\/h5>\n<p><\/center><\/p>\n<p>    <center><img decoding=\"async\" src=\"https:\/\/peregrino.online\/camino-de-santiago\/espiritual\/fotos\/1\/23Km16,1.jpg\"><\/center><br \/>\n    <center><\/p>\n<h5 class=\"ui-bar ui-bar-a\">23 Km16,1<\/h5>\n<p><\/center><\/p>\n<p>    <center><img decoding=\"async\" src=\"https:\/\/peregrino.online\/camino-de-santiago\/espiritual\/fotos\/1\/24Km16,5.jpg\"><\/center><br \/>\n    <center><\/p>\n<h5 class=\"ui-bar ui-bar-a\">24 Km16,5<\/h5>\n<p><\/center><\/p>\n<\/div>\n<\/div><\/div><\/div><\/div><\/div>","protected":false},"excerpt":{"rendered":"<p>&lt;&lt;&lt; 1.Pontevedra-Armenteira Chemin Portugais 3.Vilanova de Arousa-Pontecesures &gt;&gt;&gt; 3.Vilanova de Arousa-Pontecesures BATEAU &gt;&gt;&gt; &lt;&lt;&lt;1. Chemin Portugais 3.&gt;&gt;&gt; 3.BATEAU&gt;&gt;&gt; &nbsp;<\/p>\n","protected":false},"author":1,"featured_media":0,"comment_status":"closed","ping_status":"closed","sticky":false,"template":"","format":"standard","meta":{"footnotes":""},"categories":[1020],"tags":[],"class_list":["post-45064","post","type-post","status-publish","format-standard","hentry","category-espiritual"],"_links":{"self":[{"href":"https:\/\/www.peregrino.online\/fr\/wp-json\/wp\/v2\/posts\/45064","targetHints":{"allow":["GET"]}}],"collection":[{"href":"https:\/\/www.peregrino.online\/fr\/wp-json\/wp\/v2\/posts"}],"about":[{"href":"https:\/\/www.peregrino.online\/fr\/wp-json\/wp\/v2\/types\/post"}],"author":[{"embeddable":true,"href":"https:\/\/www.peregrino.online\/fr\/wp-json\/wp\/v2\/users\/1"}],"replies":[{"embeddable":true,"href":"https:\/\/www.peregrino.online\/fr\/wp-json\/wp\/v2\/comments?post=45064"}],"version-history":[{"count":6,"href":"https:\/\/www.peregrino.online\/fr\/wp-json\/wp\/v2\/posts\/45064\/revisions"}],"predecessor-version":[{"id":45309,"href":"https:\/\/www.peregrino.online\/fr\/wp-json\/wp\/v2\/posts\/45064\/revisions\/45309"}],"wp:attachment":[{"href":"https:\/\/www.peregrino.online\/fr\/wp-json\/wp\/v2\/media?parent=45064"}],"wp:term":[{"taxonomy":"category","embeddable":true,"href":"https:\/\/www.peregrino.online\/fr\/wp-json\/wp\/v2\/categories?post=45064"},{"taxonomy":"post_tag","embeddable":true,"href":"https:\/\/www.peregrino.online\/fr\/wp-json\/wp\/v2\/tags?post=45064"}],"curies":[{"name":"wp","href":"https:\/\/api.w.org\/{rel}","templated":true}]}}