{"id":40976,"date":"2025-12-28T08:06:21","date_gmt":"2025-12-28T08:06:21","guid":{"rendered":"https:\/\/www.peregrino.online\/non-classifiee\/alojamiento-bar-mar-sobradelo\/"},"modified":"2026-02-12T07:51:52","modified_gmt":"2026-02-12T07:51:52","slug":"alojamiento-bar-mar-sobradelo","status":"publish","type":"post","link":"https:\/\/www.peregrino.online\/fr\/non-classifiee\/alojamiento-bar-mar-sobradelo\/","title":{"rendered":"Sobradelo<br>Km 9,0+200m<br>Alojamiento Bar Mar"},"content":{"rendered":"<div id=\"pl-40976\"  class=\"panel-layout\" ><div id=\"pg-40976-0\"  class=\"panel-grid panel-no-style\" ><div id=\"pgc-40976-0-0\"  class=\"panel-grid-cell\" ><div id=\"panel-40976-0-0-0\" class=\"so-panel widget widget_sow-editor panel-first-child panel-last-child\" data-index=\"0\" ><div class=\"panel-widget-style panel-widget-style-for-40976-0-0-0\" ><div\n\t\t\t\n\t\t\tclass=\"so-widget-sow-editor so-widget-sow-editor-base\"\n\t\t\t\n\t\t>\n<div class=\"siteorigin-widget-tinymce textwidget\">\n\t<p><a href=\"https:\/\/www.peregrino.online\/fr\/chemin-hiver\/etapas\/2-las-medulas-puente-de-domingo-florez\/\">&lt;&lt;&lt; 2.Las Medulas-Puente de Domingo Florez<\/a><\/p>\n<\/div>\n<\/div><\/div><\/div><\/div><div id=\"pgc-40976-0-1\"  class=\"panel-grid-cell\" ><div id=\"panel-40976-0-1-0\" class=\"so-panel widget widget_sow-editor panel-first-child panel-last-child\" data-index=\"1\" ><div class=\"panel-widget-style panel-widget-style-for-40976-0-1-0\" ><div\n\t\t\t\n\t\t\tclass=\"so-widget-sow-editor so-widget-sow-editor-base\"\n\t\t\t\n\t\t>\n<div class=\"siteorigin-widget-tinymce textwidget\">\n\t<h3 style=\"text-align: center;\"><a href=\"https:\/\/www.peregrino.online\/fr\/camino-invierno\/\">Camino Invierno<\/a><\/h3>\n<\/div>\n<\/div><\/div><\/div><\/div><div id=\"pgc-40976-0-2\"  class=\"panel-grid-cell\" ><div id=\"panel-40976-0-2-0\" class=\"so-panel widget widget_sow-editor panel-first-child panel-last-child\" data-index=\"2\" ><div class=\"panel-widget-style panel-widget-style-for-40976-0-2-0\" ><div\n\t\t\t\n\t\t\tclass=\"so-widget-sow-editor so-widget-sow-editor-base\"\n\t\t\t\n\t\t>\n<div class=\"siteorigin-widget-tinymce textwidget\">\n\t<p style=\"text-align: right;\"><a href=\"https:\/\/www.peregrino.online\/fr\/chemin-hiver\/etapas\/4-o-barco-a-rua\/\">4.O Barco-A Rua &gt;&gt;&gt;<\/a><\/p>\n<\/div>\n<\/div><\/div><\/div><\/div><\/div><div id=\"pg-40976-1\"  class=\"panel-grid panel-no-style\" ><div id=\"pgc-40976-1-0\"  class=\"panel-grid-cell\" ><div id=\"panel-40976-1-0-0\" class=\"so-panel widget widget_sow-editor panel-first-child\" data-index=\"3\" ><div class=\"panel-widget-style panel-widget-style-for-40976-1-0-0\" ><div\n\t\t\t\n\t\t\tclass=\"so-widget-sow-editor so-widget-sow-editor-base\"\n\t\t\t\n\t\t>\n<div class=\"siteorigin-widget-tinymce textwidget\">\n\t<h2 class=\"etapa-heading\">\n  <a style=\"text-decoration: none;\" href=\"https:\/\/www.peregrino.online\/fr\/application-pour-android-et-iphone\/\"><br \/>\n    <\/p>\n<p>  <\/a><br \/>\n<\/h2>\n<\/div>\n<\/div><\/div><\/div><div id=\"panel-40976-1-0-1\" class=\"so-panel widget widget_sow-editor panel-last-child\" data-index=\"4\" ><div class=\"panel-widget-style panel-widget-style-for-40976-1-0-1\" ><div\n\t\t\t\n\t\t\tclass=\"so-widget-sow-editor so-widget-sow-editor-base\"\n\t\t\t\n\t\t>\n<div class=\"siteorigin-widget-tinymce textwidget\">\n\t<table style=\"width: 100%;\">\n<tbody>\n<tr><!-- Flechas <<< alineadas completamente a la izquierda --><\/p>\n<td style=\"text-align: left;\"><a style=\"text-decoration: none;\" href=\"https:\/\/www.peregrino.online\/fr\/chemin-hiver\/etapas\/2-las-medulas-puente-de-domingo-florez\/\">&lt;&lt;&lt; 2<\/a><\/td>\n<p><!-- Palabra ETAPA centrada con un enlace --><\/p>\n<td style=\"text-align: center;\"><a style=\"text-decoration: none;\" href=\"https:\/\/www.peregrino.online\/fr\/camino-invierno\/\"><\/a><\/td>\n<p><!-- Flechas >>> alineadas completamente a la derecha --><\/p>\n<td style=\"text-align: right;\"><a style=\"text-decoration: none;\" href=\"https:\/\/www.peregrino.online\/fr\/chemin-hiver\/etapas\/4-o-barco-a-rua\/\">4 &gt;&gt;&gt;<\/a><\/td>\n<\/tr>\n<\/tbody>\n<\/table>\n<\/div>\n<\/div><\/div><\/div><\/div><\/div><div id=\"pg-40976-2\"  class=\"panel-grid panel-no-style\" ><div id=\"pgc-40976-2-0\"  class=\"panel-grid-cell\" ><div id=\"panel-40976-2-0-0\" class=\"so-panel widget widget_sow-editor panel-first-child panel-last-child\" data-index=\"5\" ><div\n\t\t\t\n\t\t\tclass=\"so-widget-sow-editor so-widget-sow-editor-base\"\n\t\t\t\n\t\t>\n<div class=\"siteorigin-widget-tinymce textwidget\">\n\t<h2 class=\"etapa-heading\"><a style=\"text-decoration: none;\" href=\"https:\/\/www.peregrino.online\/fr\/chemin-hiver\/etapas\/3-puente-o-barco-de-valdeorras\/\">3.Puente-O Barco de Valdeorras<br \/>\n<\/a><\/h2>\n<\/div>\n<\/div><\/div><\/div><\/div><div id=\"pg-40976-3\"  class=\"panel-grid panel-no-style\" ><div id=\"pgc-40976-3-0\"  class=\"panel-grid-cell\" ><div id=\"panel-40976-3-0-0\" class=\"so-panel widget widget_sow-editor panel-first-child\" data-index=\"6\" ><div class=\"panel-widget-style panel-widget-style-for-40976-3-0-0\" ><div\n\t\t\t\n\t\t\tclass=\"so-widget-sow-editor so-widget-sow-editor-base\"\n\t\t\t\n\t\t>\n<div class=\"siteorigin-widget-tinymce textwidget\">\n\t<p>\t<script async=\"\" src=\"https:\/\/pagead2.googlesyndication.com\/pagead\/js\/adsbygoogle.js?client=ca-pub-2532007851679717\" crossorigin=\"anonymous\"><\/script><br \/>\n<ins class=\"adsbygoogle\" style=\"display:inline-block;width:336px;height:280px\" data-ad-client=\"ca-pub-2532007851679717\" data-ad-slot=\"3280880923\"><\/ins><br \/>\n<script>\n     (adsbygoogle = window.adsbygoogle || []).push({});\n<\/script><br \/>\n<span style=\"color: white;\">&nbsp;<\/span><br \/>\n<span style=\"color: white;\">&nbsp;<\/span><br \/>\n<span style=\"color: white;\">&nbsp;<\/span><\/p>\n<\/div>\n<\/div><\/div><\/div><div id=\"panel-40976-3-0-1\" class=\"so-panel widget widget_sow-editor\" data-index=\"7\" ><div class=\"panel-widget-style panel-widget-style-for-40976-3-0-1\" ><div\n\t\t\t\n\t\t\tclass=\"so-widget-sow-editor so-widget-sow-editor-base\"\n\t\t\t\n\t\t>\n<div class=\"siteorigin-widget-tinymce textwidget\">\n\t<h3 style=\"text-align: center;\"><strong>Auberges de l'\u00e9tape<\/strong><\/h3>\n<\/div>\n<\/div><\/div><\/div><div id=\"panel-40976-3-0-2\" class=\"widget_text so-panel widget widget_custom_html panel-last-child extendedwopts-hide extendedwopts-tablet extendedwopts-mobile widgetopts-SO\" data-index=\"8\" ><div class=\"widget_text panel-widget-style panel-widget-style-for-40976-3-0-2\" ><div class=\"textwidget custom-html-widget\"><div class=\"custom-button-style\"><div class=\"listing-item\"><a class=\"title\" href=\"https:\/\/www.peregrino.online\/fr\/non-classifiee\/alojamiento-bar-mar-sobradelo\/\">Sobradelo<br>Km 9,0+200m<br>Alojamiento Bar Mar<\/a><\/div><div class=\"listing-item\"><a class=\"title\" href=\"https:\/\/www.peregrino.online\/fr\/chemin-hiver\/alojamientos\/alojamiento-a-pontevella-sobradelo\/\">Sobradelo<br>Km Km 9,0+500m<br>Alojamiento A Pontevella<\/a><\/div><div class=\"listing-item\"><a class=\"title\" href=\"https:\/\/www.peregrino.online\/fr\/chemin-hiver\/alojamientos\/albergue-o-bailarin-o-barco-de-valdeorras\/\">O Barco de Valdeorras<br>Fin<br>Auberge O Bailar\u00edn<\/a><\/div><div class=\"listing-item\"><a class=\"title\" href=\"https:\/\/www.peregrino.online\/fr\/chemin-hiver\/alojamientos\/hotel-malecon-o-barco-de-valdeorras\/\">O Barco de Valdeorras<br>Fin<br>Hotel Malecon<\/a><\/div><div class=\"listing-item\"><a class=\"title\" href=\"https:\/\/www.peregrino.online\/fr\/chemin-hiver\/alojamientos\/pension-o-lar-o-barco-de-valdeorras\/\">O Barco de Valdeorras<br>Fin<br>Pension O Lar<\/a><\/div><div class=\"listing-item\"><a class=\"title\" href=\"https:\/\/www.peregrino.online\/fr\/chemin-hiver\/alojamientos\/pension-aurum-o-barco-de-valdeorras\/\">O Barco de Valdeorras<br>Fin<br>Pension Aurum<\/a><\/div><div class=\"listing-item\"><a class=\"title\" href=\"https:\/\/www.peregrino.online\/fr\/chemin-hiver\/alojamientos\/hostal-mayo-o-barco-de-valdeorras\/\">O Barco de Valdeorras<br>Fin<br>Hostal Mayo<\/a><\/div><div class=\"listing-item\"><a class=\"title\" href=\"https:\/\/www.peregrino.online\/fr\/chemin-hiver\/alojamientos\/hostal-la-gran-tortuga-o-barco-de-valdeorras\/\">O Barco de Valdeorras<br>Fin<br>Hostal La Gran Tortuga<\/a><\/div><div class=\"listing-item\"><a class=\"title\" href=\"https:\/\/www.peregrino.online\/fr\/chemin-hiver\/alojamientos\/o-barco-de-valdeorraspension-a-barca-o-barco-de-valdeorras\/\">O Barco de Valdeorras<br>Fin<br>Pension A Barca<\/a><\/div><\/div>\n<\/div><\/div><\/div><\/div><div id=\"pgc-40976-3-1\"  class=\"panel-grid-cell\" ><div id=\"panel-40976-3-1-0\" class=\"so-panel widget widget_sow-editor panel-first-child\" data-index=\"9\" ><div\n\t\t\t\n\t\t\tclass=\"so-widget-sow-editor so-widget-sow-editor-base\"\n\t\t\t\n\t\t>\n<div class=\"siteorigin-widget-tinymce textwidget\">\n\t<p>\t<iframe loading=\"lazy\" style=\"border: 0;\" src=\"https:\/\/www.google.com\/maps?q=Bar+Mar+Sobradelo&amp;output=embed\" width=\"600\" height=\"450\"><br \/>\n<\/iframe><\/p>\n<\/div>\n<\/div><\/div><div id=\"panel-40976-3-1-1\" class=\"so-panel widget widget_sow-editor\" data-index=\"10\" ><div\n\t\t\t\n\t\t\tclass=\"so-widget-sow-editor so-widget-sow-editor-base\"\n\t\t\t\n\t\t>\n<div class=\"siteorigin-widget-tinymce textwidget\">\n\t<p style=\"text-align: center;\"><strong>H\u00e9bergement Bar Mar<\/strong><\/p>\n<p style=\"text-align: justify;\"><b>Adresse : <\/b>Carretera de Entoma, 43<\/p>\n<p style=\"text-align: justify;\"><b>Email<\/b> : <a href=\"mailto:casamar988@gmail.com\">casamar988@gmail.com<\/a><\/p>\n<p style=\"text-align: justify;\"><b>T\u00e9l\u00e9phone<\/b> : <a href=\"tel:+34988335106\">988335106<\/a><\/p>\n<p style=\"text-align: justify;\"><b>Prix<\/b> : chambre individuelle : 18 \u20ac \/ chambre double : 36 \u20ac \/ chambre triple : 54 \u20ac (petit-d\u00e9jeuner inclus). Menu propos\u00e9 \u00e0 10 \u20ac.<\/p>\n<p style=\"text-align: justify;\">Ils transportent les sacs \u00e0 dos de Ponferrada \u00e0 Saint-Jacques-de-Compostelle. Le Chemin d\u2019Hiver est divis\u00e9 en 12 \u00e9tapes d\u2019environ 20 km et le tarif est de 6 \u20ac par sac et par \u00e9tape : soit un total de 72 \u20ac de Ponferrada \u00e0 Saint-Jacques.<\/p>\n<\/div>\n<\/div><\/div><div id=\"panel-40976-3-1-2\" class=\"so-panel widget widget_sow-editor\" data-index=\"11\" ><div\n\t\t\t\n\t\t\tclass=\"so-widget-sow-editor so-widget-sow-editor-base\"\n\t\t\t\n\t\t>\n<div class=\"siteorigin-widget-tinymce textwidget\">\n\t<p>\t<center><img decoding=\"async\" src=\"https:\/\/peregrino.online\/camino-de-santiago\/invierno\/fotos\/falber\/barmar1.jpeg\"><\/center><\/p>\n<\/div>\n<\/div><\/div><div id=\"panel-40976-3-1-3\" class=\"so-panel widget widget_sow-editor\" data-index=\"12\" ><div class=\"panel-widget-style panel-widget-style-for-40976-3-1-3\" ><div\n\t\t\t\n\t\t\tclass=\"so-widget-sow-editor so-widget-sow-editor-base\"\n\t\t\t\n\t\t>\n<div class=\"siteorigin-widget-tinymce textwidget\">\n\t<h3 style=\"text-align: center;\"><strong>Auberges de l'\u00e9tape<\/strong><\/h3>\n<\/div>\n<\/div><\/div><\/div><div id=\"panel-40976-3-1-4\" class=\"widget_text so-panel widget widget_custom_html panel-last-child extendedwopts-hide extendedwopts-desktop widgetopts-SO\" data-index=\"13\" ><div class=\"widget_text panel-widget-style panel-widget-style-for-40976-3-1-4\" ><div class=\"textwidget custom-html-widget\"><div class=\"custom-button-style\"><div class=\"listing-item\"><a class=\"title\" href=\"https:\/\/www.peregrino.online\/fr\/non-classifiee\/alojamiento-bar-mar-sobradelo\/\">Sobradelo<br>Km 9,0+200m<br>Alojamiento Bar Mar<\/a><\/div><div class=\"listing-item\"><a class=\"title\" href=\"https:\/\/www.peregrino.online\/fr\/chemin-hiver\/alojamientos\/alojamiento-a-pontevella-sobradelo\/\">Sobradelo<br>Km Km 9,0+500m<br>Alojamiento A Pontevella<\/a><\/div><div class=\"listing-item\"><a class=\"title\" href=\"https:\/\/www.peregrino.online\/fr\/chemin-hiver\/alojamientos\/albergue-o-bailarin-o-barco-de-valdeorras\/\">O Barco de Valdeorras<br>Fin<br>Auberge O Bailar\u00edn<\/a><\/div><div class=\"listing-item\"><a class=\"title\" href=\"https:\/\/www.peregrino.online\/fr\/chemin-hiver\/alojamientos\/hotel-malecon-o-barco-de-valdeorras\/\">O Barco de Valdeorras<br>Fin<br>Hotel Malecon<\/a><\/div><div class=\"listing-item\"><a class=\"title\" href=\"https:\/\/www.peregrino.online\/fr\/chemin-hiver\/alojamientos\/pension-o-lar-o-barco-de-valdeorras\/\">O Barco de Valdeorras<br>Fin<br>Pension O Lar<\/a><\/div><div class=\"listing-item\"><a class=\"title\" href=\"https:\/\/www.peregrino.online\/fr\/chemin-hiver\/alojamientos\/pension-aurum-o-barco-de-valdeorras\/\">O Barco de Valdeorras<br>Fin<br>Pension Aurum<\/a><\/div><div class=\"listing-item\"><a class=\"title\" href=\"https:\/\/www.peregrino.online\/fr\/chemin-hiver\/alojamientos\/hostal-mayo-o-barco-de-valdeorras\/\">O Barco de Valdeorras<br>Fin<br>Hostal Mayo<\/a><\/div><div class=\"listing-item\"><a class=\"title\" href=\"https:\/\/www.peregrino.online\/fr\/chemin-hiver\/alojamientos\/hostal-la-gran-tortuga-o-barco-de-valdeorras\/\">O Barco de Valdeorras<br>Fin<br>Hostal La Gran Tortuga<\/a><\/div><div class=\"listing-item\"><a class=\"title\" href=\"https:\/\/www.peregrino.online\/fr\/chemin-hiver\/alojamientos\/o-barco-de-valdeorraspension-a-barca-o-barco-de-valdeorras\/\">O Barco de Valdeorras<br>Fin<br>Pension A Barca<\/a><\/div><\/div>\n<\/div><\/div><\/div><\/div><\/div><\/div>","protected":false},"excerpt":{"rendered":"<p>&lt;&lt;&lt; 2.Las Medulas-Puente de Domingo Florez Camino Invierno 4.O Barco-A Rua &gt;&gt;&gt; &lt;&lt;&lt; 2 4 &gt;&gt;&gt;<\/p>\n","protected":false},"author":1,"featured_media":0,"comment_status":"closed","ping_status":"closed","sticky":false,"template":"","format":"standard","meta":{"footnotes":""},"categories":[961],"tags":[982],"class_list":["post-40976","post","type-post","status-publish","format-standard","hentry","category-chemin-hiver","tag-inv3-fr"],"_links":{"self":[{"href":"https:\/\/www.peregrino.online\/fr\/wp-json\/wp\/v2\/posts\/40976","targetHints":{"allow":["GET"]}}],"collection":[{"href":"https:\/\/www.peregrino.online\/fr\/wp-json\/wp\/v2\/posts"}],"about":[{"href":"https:\/\/www.peregrino.online\/fr\/wp-json\/wp\/v2\/types\/post"}],"author":[{"embeddable":true,"href":"https:\/\/www.peregrino.online\/fr\/wp-json\/wp\/v2\/users\/1"}],"replies":[{"embeddable":true,"href":"https:\/\/www.peregrino.online\/fr\/wp-json\/wp\/v2\/comments?post=40976"}],"version-history":[{"count":0,"href":"https:\/\/www.peregrino.online\/fr\/wp-json\/wp\/v2\/posts\/40976\/revisions"}],"wp:attachment":[{"href":"https:\/\/www.peregrino.online\/fr\/wp-json\/wp\/v2\/media?parent=40976"}],"wp:term":[{"taxonomy":"category","embeddable":true,"href":"https:\/\/www.peregrino.online\/fr\/wp-json\/wp\/v2\/categories?post=40976"},{"taxonomy":"post_tag","embeddable":true,"href":"https:\/\/www.peregrino.online\/fr\/wp-json\/wp\/v2\/tags?post=40976"}],"curies":[{"name":"wp","href":"https:\/\/api.w.org\/{rel}","templated":true}]}}