{"id":34781,"date":"2025-09-04T06:33:52","date_gmt":"2025-09-04T06:33:52","guid":{"rendered":"https:\/\/www.peregrino.online\/non-classifiee\/casa-carlan-furelos\/"},"modified":"2025-09-07T11:05:38","modified_gmt":"2025-09-07T11:05:38","slug":"casa-carlan-furelos","status":"publish","type":"post","link":"https:\/\/www.peregrino.online\/fr\/chemin-francais\/alojamientos\/casa-carlan-furelos\/","title":{"rendered":"Furelos<br>Km 13,0<br>Casa Carlan"},"content":{"rendered":"<div id=\"pl-34781\"  class=\"panel-layout\" ><div id=\"pg-34781-0\"  class=\"panel-grid panel-no-style\" ><div id=\"pgc-34781-0-0\"  class=\"panel-grid-cell\" ><div id=\"panel-34781-0-0-0\" class=\"so-panel widget widget_sow-editor panel-first-child panel-last-child\" data-index=\"0\" ><div class=\"panel-widget-style panel-widget-style-for-34781-0-0-0\" ><div\n\t\t\t\n\t\t\tclass=\"so-widget-sow-editor so-widget-sow-editor-base\"\n\t\t\t\n\t\t>\n<div class=\"siteorigin-widget-tinymce textwidget\">\n\t<p><a href=\"https:\/\/www.peregrino.online\/fr\/chemins-de-saint-jacques\/chemin-francais\/28-portomarin-palas-de-rei\/\">&lt;&lt;&lt; 28.Portomarin-Palas de Rei<\/a><\/p>\n<\/div>\n<\/div><\/div><\/div><\/div><div id=\"pgc-34781-0-1\"  class=\"panel-grid-cell\" ><div id=\"panel-34781-0-1-0\" class=\"so-panel widget widget_sow-editor panel-first-child panel-last-child\" data-index=\"1\" ><div class=\"panel-widget-style panel-widget-style-for-34781-0-1-0\" ><div\n\t\t\t\n\t\t\tclass=\"so-widget-sow-editor so-widget-sow-editor-base\"\n\t\t\t\n\t\t>\n<div class=\"siteorigin-widget-tinymce textwidget\">\n\t<h3 style=\"text-align: center;\"><a href=\"https:\/\/www.peregrino.online\/fr\/camino-frances\/\">Camino Frances<\/a><\/h3>\n<\/div>\n<\/div><\/div><\/div><\/div><div id=\"pgc-34781-0-2\"  class=\"panel-grid-cell\" ><div id=\"panel-34781-0-2-0\" class=\"so-panel widget widget_sow-editor panel-first-child panel-last-child\" data-index=\"2\" ><div class=\"panel-widget-style panel-widget-style-for-34781-0-2-0\" ><div\n\t\t\t\n\t\t\tclass=\"so-widget-sow-editor so-widget-sow-editor-base\"\n\t\t\t\n\t\t>\n<div class=\"siteorigin-widget-tinymce textwidget\">\n\t<p style=\"text-align: right;\"><a href=\"https:\/\/www.peregrino.online\/fr\/chemins-de-saint-jacques\/chemin-francais\/30-melide-arzua\/\">30.Melide-Arzua &gt;&gt;&gt;<\/a><\/p>\n<\/div>\n<\/div><\/div><\/div><\/div><\/div><div id=\"pg-34781-1\"  class=\"panel-grid panel-no-style\" ><div id=\"pgc-34781-1-0\"  class=\"panel-grid-cell\" ><div id=\"panel-34781-1-0-0\" class=\"so-panel widget widget_sow-editor panel-first-child\" data-index=\"3\" ><div class=\"panel-widget-style panel-widget-style-for-34781-1-0-0\" ><div\n\t\t\t\n\t\t\tclass=\"so-widget-sow-editor so-widget-sow-editor-base\"\n\t\t\t\n\t\t>\n<div class=\"siteorigin-widget-tinymce textwidget\">\n\t<h2 class=\"etapa-heading\">\n  <a style=\"text-decoration: none;\" href=\"https:\/\/www.peregrino.online\/fr\/application-pour-android-et-iphone\/\"><br \/>\n    <\/p>\n<p>  <\/a><br \/>\n<\/h2>\n<\/div>\n<\/div><\/div><\/div><div id=\"panel-34781-1-0-1\" class=\"so-panel widget widget_sow-editor panel-last-child\" data-index=\"4\" ><div class=\"panel-widget-style panel-widget-style-for-34781-1-0-1\" ><div\n\t\t\t\n\t\t\tclass=\"so-widget-sow-editor so-widget-sow-editor-base\"\n\t\t\t\n\t\t>\n<div class=\"siteorigin-widget-tinymce textwidget\">\n\t<table style=\"width: 100%;\">\n<tbody>\n<tr>\n    <!-- Flechas <<< alineadas completamente a la izquierda --><\/p>\n<td style=\"text-align: left;\">\n      <a style=\"text-decoration: none;\" href=\"https:\/\/www.peregrino.online\/fr\/chemins-de-saint-jacques\/chemin-francais\/28-portomarin-palas-de-rei\/\">&lt;&lt;&lt; 28<\/a>\n    <\/td>\n<p>    <!-- Palabra ETAPA centrada con un enlace --><\/p>\n<td style=\"text-align: center;\">\n      <a style=\"text-decoration: none;\" href=\"https:\/\/www.peregrino.online\/fr\/camino-frances\/\"><\/a>\n    <\/td>\n<p>    <!-- Flechas >>> alineadas completamente a la derecha --><\/p>\n<td style=\"text-align: right;\">\n      <a style=\"text-decoration: none;\" href=\"https:\/\/www.peregrino.online\/fr\/chemins-de-saint-jacques\/chemin-francais\/30-melide-arzua\/\">30 &gt;&gt;&gt;<\/a>\n    <\/td>\n<\/tr>\n<\/tbody>\n<\/table>\n<\/div>\n<\/div><\/div><\/div><\/div><\/div><div id=\"pg-34781-2\"  class=\"panel-grid panel-no-style\" ><div id=\"pgc-34781-2-0\"  class=\"panel-grid-cell\" ><div id=\"panel-34781-2-0-0\" class=\"so-panel widget widget_sow-editor panel-first-child panel-last-child\" data-index=\"5\" ><div\n\t\t\t\n\t\t\tclass=\"so-widget-sow-editor so-widget-sow-editor-base\"\n\t\t\t\n\t\t>\n<div class=\"siteorigin-widget-tinymce textwidget\">\n\t<h2 class=\"etapa-heading\"><a style=\"text-decoration: none;\" href=\"https:\/\/www.peregrino.online\/fr\/chemins-de-saint-jacques\/chemin-francais\/29-palas-de-rei-melide\/\">29.Palas de Rei-Melide<br \/>\n<\/a><\/h2>\n<\/div>\n<\/div><\/div><\/div><\/div><div id=\"pg-34781-3\"  class=\"panel-grid panel-no-style\" ><div id=\"pgc-34781-3-0\"  class=\"panel-grid-cell\" ><div id=\"panel-34781-3-0-0\" class=\"so-panel widget widget_sow-editor panel-first-child\" data-index=\"6\" ><div class=\"panel-widget-style panel-widget-style-for-34781-3-0-0\" ><div\n\t\t\t\n\t\t\tclass=\"so-widget-sow-editor so-widget-sow-editor-base\"\n\t\t\t\n\t\t>\n<div class=\"siteorigin-widget-tinymce textwidget\">\n\t<p>\t<script async=\"\" src=\"https:\/\/pagead2.googlesyndication.com\/pagead\/js\/adsbygoogle.js?client=ca-pub-2532007851679717\" crossorigin=\"anonymous\"><\/script><br \/>\n<ins class=\"adsbygoogle\" style=\"display:inline-block;width:336px;height:280px\" data-ad-client=\"ca-pub-2532007851679717\" data-ad-slot=\"3280880923\"><\/ins><br \/>\n<script>\n     (adsbygoogle = window.adsbygoogle || []).push({});\n<\/script><br \/>\n<span style=\"color: white;\">&nbsp;<\/span><br \/>\n<span style=\"color: white;\">&nbsp;<\/span><br \/>\n<span style=\"color: white;\">&nbsp;<\/span><\/p>\n<\/div>\n<\/div><\/div><\/div><div id=\"panel-34781-3-0-1\" class=\"so-panel widget widget_sow-editor\" data-index=\"7\" ><div class=\"panel-widget-style panel-widget-style-for-34781-3-0-1\" ><div\n\t\t\t\n\t\t\tclass=\"so-widget-sow-editor so-widget-sow-editor-base\"\n\t\t\t\n\t\t>\n<div class=\"siteorigin-widget-tinymce textwidget\">\n\t<h3 style=\"text-align: center;\"><strong>Auberges de l'\u00e9tape<\/strong><\/h3>\n<\/div>\n<\/div><\/div><\/div><div id=\"panel-34781-3-0-2\" class=\"widget_text so-panel widget widget_custom_html panel-last-child extendedwopts-hide extendedwopts-tablet extendedwopts-mobile widgetopts-SO\" data-index=\"8\" ><div class=\"widget_text panel-widget-style panel-widget-style-for-34781-3-0-2\" ><div class=\"textwidget custom-html-widget\"><div class=\"custom-button-style\"><div class=\"listing-item\"><a class=\"title\" href=\"https:\/\/www.peregrino.online\/fr\/chemin-francais\/alojamientos\/albergue-san-anton-melide\/\">Melide<br>Final<br>Auberge San Anton<\/a><\/div><div class=\"listing-item\"><a class=\"title\" href=\"https:\/\/www.peregrino.online\/fr\/chemin-francais\/alojamientos\/albergue-municipal-de-mato-casanova\/\">Casanova<br>Km 5,6<br>Auberge municipal de Mato<\/a><\/div><div class=\"listing-item\"><a class=\"title\" href=\"https:\/\/www.peregrino.online\/fr\/chemin-francais\/alojamientos\/albergue-o-abrigadoiro-san-xulian-do-camino\/\">San Xuli\u00e1n do Cami\u00f1o<br>Km 3,4<br>Auberge O Abrigadoiro<\/a><\/div><div class=\"listing-item\"><a class=\"title\" href=\"https:\/\/www.peregrino.online\/fr\/chemin-francais\/alojamientos\/la-pallota-de-san-cristobal-a-grana\/\">A Gra\u00f1a<br>Km 3,9<br>La Pallota de San Crist\u00f3bal<\/a><\/div><div class=\"listing-item\"><a class=\"title\" href=\"https:\/\/www.peregrino.online\/fr\/chemin-francais\/alojamientos\/albergue-casa-domingo-ponte-campana\/\">Ponte Campa\u00f1a<br>Km 4,4<br>Auberge Casa Domingo<\/a><\/div><div class=\"listing-item\"><a class=\"title\" href=\"https:\/\/www.peregrino.online\/fr\/chemin-francais\/alojamientos\/casa-rural-bolboreta-vilar-do-remonde\/\">Vilar do Remonde<br>Km 5,9 + 1200m<br>Casa Rural Bolboreta<\/a><\/div><div class=\"listing-item\"><a class=\"title\" href=\"https:\/\/www.peregrino.online\/fr\/chemin-francais\/alojamientos\/pension-a-casa-do-lado-furelos\/\">Furelos<br>Km 12,9 + 400m<br>Pensi\u00f3n A Casa do Lado<\/a><\/div><div class=\"listing-item\"><a class=\"title\" href=\"https:\/\/www.peregrino.online\/fr\/chemin-francais\/alojamientos\/casa-saleta-furelos\/\">Furelos<br>Km 12,8<br>Casa Saleta<\/a><\/div><div class=\"listing-item\"><a class=\"title\" href=\"https:\/\/www.peregrino.online\/fr\/chemin-francais\/alojamientos\/casa-adro-furelos\/\">Furelos<br>Km 13,0<br>Casa Adro<\/a><\/div><div class=\"listing-item\"><a class=\"title\" href=\"https:\/\/www.peregrino.online\/fr\/chemin-francais\/alojamientos\/casa-carlan-furelos\/\">Furelos<br>Km 13,0<br>Casa Carlan<\/a><\/div><div class=\"listing-item\"><a class=\"title\" href=\"https:\/\/www.peregrino.online\/fr\/chemin-francais\/alojamientos\/albergue-municipal-de-peregrinos-melide\/\">Melide<br>Final<br>Auberge municipal de peregrinos<\/a><\/div><div class=\"listing-item\"><a class=\"title\" href=\"https:\/\/www.peregrino.online\/fr\/chemin-francais\/alojamientos\/albergue-o-apalpador-melide\/\">Melide<br>Final<br>Auberge O Apalpador<\/a><\/div><div class=\"listing-item\"><a class=\"title\" href=\"https:\/\/www.peregrino.online\/fr\/chemin-francais\/alojamientos\/albergue-o-cruceiro-melide\/\">Melide<br>Final<br>Auberge O Cruceiro<\/a><\/div><div class=\"listing-item\"><a class=\"title\" href=\"https:\/\/www.peregrino.online\/fr\/chemin-francais\/alojamientos\/albergue-pereiro-melide\/\">Melide<br>Final<br>Auberge Pereiro<\/a><\/div><div class=\"listing-item\"><a class=\"title\" href=\"https:\/\/www.peregrino.online\/fr\/chemin-francais\/alojamientos\/albergue-melide\/\">Melide<br>Final<br>Auberge Melide<\/a><\/div><div class=\"listing-item\"><a class=\"title\" href=\"https:\/\/www.peregrino.online\/fr\/chemin-francais\/alojamientos\/albergue-alfonso-ii-melide\/\">Melide<br>Final<br>Auberge Alfonso II<\/a><\/div><div class=\"listing-item\"><a class=\"title\" href=\"https:\/\/www.peregrino.online\/fr\/chemin-francais\/alojamientos\/albergue-arraigos-melide\/\">Melide<br>Final<br>Auberge Arraigos<\/a><\/div><div class=\"listing-item\"><a class=\"title\" href=\"https:\/\/www.peregrino.online\/fr\/chemin-francais\/alojamientos\/albergue-montoto-melide\/\">Melide<br>Final<br>Auberge Montoto<\/a><\/div><div class=\"listing-item\"><a class=\"title\" href=\"https:\/\/www.peregrino.online\/fr\/chemin-francais\/alojamientos\/albergue-o-candil-melide\/\">Melide<br>Final<br>Auberge O Candil<\/a><\/div><div class=\"listing-item\"><a class=\"title\" href=\"https:\/\/www.peregrino.online\/fr\/chemin-francais\/alojamientos\/albergue-ezequiel-melide\/\">Melide<br>Final<br>Auberge Ezequiel<\/a><\/div><div class=\"listing-item\"><a class=\"title\" href=\"https:\/\/www.peregrino.online\/fr\/chemin-francais\/alojamientos\/hoteles-melide\/\">Melide<br>Hoteles<\/a><\/div><\/div>\n<\/div><\/div><\/div><\/div><div id=\"pgc-34781-3-1\"  class=\"panel-grid-cell\" ><div id=\"panel-34781-3-1-0\" class=\"so-panel widget widget_sow-editor panel-first-child\" data-index=\"9\" ><div\n\t\t\t\n\t\t\tclass=\"so-widget-sow-editor so-widget-sow-editor-base\"\n\t\t\t\n\t\t>\n<div class=\"siteorigin-widget-tinymce textwidget\">\n\t<p>\t<iframe loading=\"lazy\" style=\"border: 0;\" src=\"https:\/\/www.google.com\/maps?q=Casa+Carl\u00e1n+furelos&amp;output=embed\" width=\"600\" height=\"450\"><br \/>\n<\/iframe><\/p>\n<\/div>\n<\/div><\/div><div id=\"panel-34781-3-1-1\" class=\"so-panel widget widget_sow-editor\" data-index=\"10\" ><div\n\t\t\t\n\t\t\tclass=\"so-widget-sow-editor so-widget-sow-editor-base\"\n\t\t\t\n\t\t>\n<div class=\"siteorigin-widget-tinymce textwidget\">\n\t<p style=\"text-align: center;\"><strong>Casa Carlan<\/strong><\/p>\n<p style=\"text-align: justify;\"><b>Adresse: <\/b>Furelos<\/p>\n<p style=\"text-align: justify;\"><b>T\u00e9l\u00e9phone:<\/b> <a href=\"tel:+34696194882\">696194882<\/a><\/p>\n<p style=\"text-align: justify;\"><b>Prix:<\/b> chambre partag\u00e9e: +100\u20ac. Les prix peuvent changer : voir lien Booking<\/p>\n<p style=\"text-align: justify;\"><b>Informations suppl\u00e9mentaires:<\/b> Entr\u00e9e \u00e0 partir de 13h. Maison avec jusqu'\u00e0 10 places.<\/p>\n<\/div>\n<\/div><\/div><div id=\"panel-34781-3-1-2\" class=\"so-panel widget widget_sow-editor\" data-index=\"11\" ><div\n\t\t\t\n\t\t\tclass=\"so-widget-sow-editor so-widget-sow-editor-base\"\n\t\t\t\n\t\t>\n<div class=\"siteorigin-widget-tinymce textwidget\">\n\t<p style=\"text-align: justify;\"><b>Booking<\/b>:<\/p>\n<div class=\"booking-button-container\"><a class=\"booking-button\" href=\"https:\/\/www.booking.com\/hotel\/es\/casa-carlan.es.html?aid=352575&amp;label=frances24\" rel=\"noopener\" target=\"_blank\">Booking.com<\/a><\/div>\n<\/p>\n<p><center><img decoding=\"async\" src=\"https:\/\/peregrino.online\/camino-de-santiago\/frances\/fotos\/ZZZ\/casacarlan1.jpg\"><\/center><center><img decoding=\"async\" src=\"https:\/\/peregrino.online\/camino-de-santiago\/frances\/fotos\/ZZZ\/casacarlan2.jpg\">&nbsp;<\/center><center><img decoding=\"async\" src=\"https:\/\/peregrino.online\/camino-de-santiago\/frances\/fotos\/ZZZ\/casacarlan3.jpg\"><\/center><center><img decoding=\"async\" src=\"https:\/\/peregrino.online\/camino-de-santiago\/frances\/fotos\/ZZZ\/casacarlan4.jpg\"><\/center><center><img decoding=\"async\" src=\"https:\/\/peregrino.online\/camino-de-santiago\/frances\/fotos\/ZZZ\/casacarlan5.jpg\"><\/center><center><img decoding=\"async\" src=\"https:\/\/peregrino.online\/camino-de-santiago\/frances\/fotos\/ZZZ\/casacarlan6.jpg\">&nbsp;<\/center><\/p>\n<\/div>\n<\/div><\/div><div id=\"panel-34781-3-1-3\" class=\"so-panel widget widget_sow-editor\" data-index=\"12\" ><div class=\"panel-widget-style panel-widget-style-for-34781-3-1-3\" ><div\n\t\t\t\n\t\t\tclass=\"so-widget-sow-editor so-widget-sow-editor-base\"\n\t\t\t\n\t\t>\n<div class=\"siteorigin-widget-tinymce textwidget\">\n\t<h3 style=\"text-align: center;\"><strong>Auberges de l'\u00e9tape<\/strong><\/h3>\n<\/div>\n<\/div><\/div><\/div><div id=\"panel-34781-3-1-4\" class=\"widget_text so-panel widget widget_custom_html panel-last-child extendedwopts-hide extendedwopts-desktop widgetopts-SO\" data-index=\"13\" ><div class=\"widget_text panel-widget-style panel-widget-style-for-34781-3-1-4\" ><div class=\"textwidget custom-html-widget\"><div class=\"custom-button-style\"><div class=\"listing-item\"><a class=\"title\" href=\"https:\/\/www.peregrino.online\/fr\/chemin-francais\/alojamientos\/albergue-san-anton-melide\/\">Melide<br>Final<br>Auberge San Anton<\/a><\/div><div class=\"listing-item\"><a class=\"title\" href=\"https:\/\/www.peregrino.online\/fr\/chemin-francais\/alojamientos\/albergue-municipal-de-mato-casanova\/\">Casanova<br>Km 5,6<br>Auberge municipal de Mato<\/a><\/div><div class=\"listing-item\"><a class=\"title\" href=\"https:\/\/www.peregrino.online\/fr\/chemin-francais\/alojamientos\/albergue-o-abrigadoiro-san-xulian-do-camino\/\">San Xuli\u00e1n do Cami\u00f1o<br>Km 3,4<br>Auberge O Abrigadoiro<\/a><\/div><div class=\"listing-item\"><a class=\"title\" href=\"https:\/\/www.peregrino.online\/fr\/chemin-francais\/alojamientos\/la-pallota-de-san-cristobal-a-grana\/\">A Gra\u00f1a<br>Km 3,9<br>La Pallota de San Crist\u00f3bal<\/a><\/div><div class=\"listing-item\"><a class=\"title\" href=\"https:\/\/www.peregrino.online\/fr\/chemin-francais\/alojamientos\/albergue-casa-domingo-ponte-campana\/\">Ponte Campa\u00f1a<br>Km 4,4<br>Auberge Casa Domingo<\/a><\/div><div class=\"listing-item\"><a class=\"title\" href=\"https:\/\/www.peregrino.online\/fr\/chemin-francais\/alojamientos\/casa-rural-bolboreta-vilar-do-remonde\/\">Vilar do Remonde<br>Km 5,9 + 1200m<br>Casa Rural Bolboreta<\/a><\/div><div class=\"listing-item\"><a class=\"title\" href=\"https:\/\/www.peregrino.online\/fr\/chemin-francais\/alojamientos\/pension-a-casa-do-lado-furelos\/\">Furelos<br>Km 12,9 + 400m<br>Pensi\u00f3n A Casa do Lado<\/a><\/div><div class=\"listing-item\"><a class=\"title\" href=\"https:\/\/www.peregrino.online\/fr\/chemin-francais\/alojamientos\/casa-saleta-furelos\/\">Furelos<br>Km 12,8<br>Casa Saleta<\/a><\/div><div class=\"listing-item\"><a class=\"title\" href=\"https:\/\/www.peregrino.online\/fr\/chemin-francais\/alojamientos\/casa-adro-furelos\/\">Furelos<br>Km 13,0<br>Casa Adro<\/a><\/div><div class=\"listing-item\"><a class=\"title\" href=\"https:\/\/www.peregrino.online\/fr\/chemin-francais\/alojamientos\/casa-carlan-furelos\/\">Furelos<br>Km 13,0<br>Casa Carlan<\/a><\/div><div class=\"listing-item\"><a class=\"title\" href=\"https:\/\/www.peregrino.online\/fr\/chemin-francais\/alojamientos\/albergue-municipal-de-peregrinos-melide\/\">Melide<br>Final<br>Auberge municipal de peregrinos<\/a><\/div><div class=\"listing-item\"><a class=\"title\" href=\"https:\/\/www.peregrino.online\/fr\/chemin-francais\/alojamientos\/albergue-o-apalpador-melide\/\">Melide<br>Final<br>Auberge O Apalpador<\/a><\/div><div class=\"listing-item\"><a class=\"title\" href=\"https:\/\/www.peregrino.online\/fr\/chemin-francais\/alojamientos\/albergue-o-cruceiro-melide\/\">Melide<br>Final<br>Auberge O Cruceiro<\/a><\/div><div class=\"listing-item\"><a class=\"title\" href=\"https:\/\/www.peregrino.online\/fr\/chemin-francais\/alojamientos\/albergue-pereiro-melide\/\">Melide<br>Final<br>Auberge Pereiro<\/a><\/div><div class=\"listing-item\"><a class=\"title\" href=\"https:\/\/www.peregrino.online\/fr\/chemin-francais\/alojamientos\/albergue-melide\/\">Melide<br>Final<br>Auberge Melide<\/a><\/div><div class=\"listing-item\"><a class=\"title\" href=\"https:\/\/www.peregrino.online\/fr\/chemin-francais\/alojamientos\/albergue-alfonso-ii-melide\/\">Melide<br>Final<br>Auberge Alfonso II<\/a><\/div><div class=\"listing-item\"><a class=\"title\" href=\"https:\/\/www.peregrino.online\/fr\/chemin-francais\/alojamientos\/albergue-arraigos-melide\/\">Melide<br>Final<br>Auberge Arraigos<\/a><\/div><div class=\"listing-item\"><a class=\"title\" href=\"https:\/\/www.peregrino.online\/fr\/chemin-francais\/alojamientos\/albergue-montoto-melide\/\">Melide<br>Final<br>Auberge Montoto<\/a><\/div><div class=\"listing-item\"><a class=\"title\" href=\"https:\/\/www.peregrino.online\/fr\/chemin-francais\/alojamientos\/albergue-o-candil-melide\/\">Melide<br>Final<br>Auberge O Candil<\/a><\/div><div class=\"listing-item\"><a class=\"title\" href=\"https:\/\/www.peregrino.online\/fr\/chemin-francais\/alojamientos\/albergue-ezequiel-melide\/\">Melide<br>Final<br>Auberge Ezequiel<\/a><\/div><div class=\"listing-item\"><a class=\"title\" href=\"https:\/\/www.peregrino.online\/fr\/chemin-francais\/alojamientos\/hoteles-melide\/\">Melide<br>Hoteles<\/a><\/div><\/div>\n<\/div><\/div><\/div><\/div><\/div><\/div>","protected":false},"excerpt":{"rendered":"<p>&lt;&lt;&lt; 28.Portomarin-Palas de Rei Camino Frances 30.Melide-Arzua &gt;&gt;&gt; &lt;&lt;&lt; 28 30 &gt;&gt;&gt;<\/p>\n","protected":false},"author":1,"featured_media":0,"comment_status":"closed","ping_status":"closed","sticky":false,"template":"","format":"standard","meta":{"footnotes":""},"categories":[725],"tags":[910],"class_list":["post-34781","post","type-post","status-publish","format-standard","hentry","category-chemin-francais","tag-fran29-fr"],"_links":{"self":[{"href":"https:\/\/www.peregrino.online\/fr\/wp-json\/wp\/v2\/posts\/34781","targetHints":{"allow":["GET"]}}],"collection":[{"href":"https:\/\/www.peregrino.online\/fr\/wp-json\/wp\/v2\/posts"}],"about":[{"href":"https:\/\/www.peregrino.online\/fr\/wp-json\/wp\/v2\/types\/post"}],"author":[{"embeddable":true,"href":"https:\/\/www.peregrino.online\/fr\/wp-json\/wp\/v2\/users\/1"}],"replies":[{"embeddable":true,"href":"https:\/\/www.peregrino.online\/fr\/wp-json\/wp\/v2\/comments?post=34781"}],"version-history":[{"count":0,"href":"https:\/\/www.peregrino.online\/fr\/wp-json\/wp\/v2\/posts\/34781\/revisions"}],"wp:attachment":[{"href":"https:\/\/www.peregrino.online\/fr\/wp-json\/wp\/v2\/media?parent=34781"}],"wp:term":[{"taxonomy":"category","embeddable":true,"href":"https:\/\/www.peregrino.online\/fr\/wp-json\/wp\/v2\/categories?post=34781"},{"taxonomy":"post_tag","embeddable":true,"href":"https:\/\/www.peregrino.online\/fr\/wp-json\/wp\/v2\/tags?post=34781"}],"curies":[{"name":"wp","href":"https:\/\/api.w.org\/{rel}","templated":true}]}}