{"id":34369,"date":"2025-09-03T15:42:53","date_gmt":"2025-09-03T15:42:53","guid":{"rendered":"https:\/\/www.peregrino.online\/non-classifiee\/hoteles-palas-de-rei\/"},"modified":"2025-09-13T19:31:28","modified_gmt":"2025-09-13T19:31:28","slug":"hoteles-palas-de-rei","status":"publish","type":"post","link":"https:\/\/www.peregrino.online\/fr\/chemin-francais\/alojamientos\/hoteles-palas-de-rei\/","title":{"rendered":"Palas de Rei<br><br>Hoteles"},"content":{"rendered":"<div id=\"pl-34369\"  class=\"panel-layout\" ><div id=\"pg-34369-0\"  class=\"panel-grid panel-no-style\" ><div id=\"pgc-34369-0-0\"  class=\"panel-grid-cell\" ><div id=\"panel-34369-0-0-0\" class=\"so-panel widget widget_sow-editor panel-first-child panel-last-child\" data-index=\"0\" ><div class=\"panel-widget-style panel-widget-style-for-34369-0-0-0\" ><div\n\t\t\t\n\t\t\tclass=\"so-widget-sow-editor so-widget-sow-editor-base\"\n\t\t\t\n\t\t>\n<div class=\"siteorigin-widget-tinymce textwidget\">\n\t<p><a href=\"https:\/\/www.peregrino.online\/fr\/chemins-de-saint-jacques\/chemin-francais\/27-sarria-portomarin\/\">&lt;&lt;&lt; 27.Sarria-Portomarin<\/a><\/p>\n<\/div>\n<\/div><\/div><\/div><\/div><div id=\"pgc-34369-0-1\"  class=\"panel-grid-cell\" ><div id=\"panel-34369-0-1-0\" class=\"so-panel widget widget_sow-editor panel-first-child panel-last-child\" data-index=\"1\" ><div class=\"panel-widget-style panel-widget-style-for-34369-0-1-0\" ><div\n\t\t\t\n\t\t\tclass=\"so-widget-sow-editor so-widget-sow-editor-base\"\n\t\t\t\n\t\t>\n<div class=\"siteorigin-widget-tinymce textwidget\">\n\t<h3 style=\"text-align: center;\"><a href=\"https:\/\/www.peregrino.online\/fr\/camino-frances\/\">Camino Frances<\/a><\/h3>\n<\/div>\n<\/div><\/div><\/div><\/div><div id=\"pgc-34369-0-2\"  class=\"panel-grid-cell\" ><div id=\"panel-34369-0-2-0\" class=\"so-panel widget widget_sow-editor panel-first-child panel-last-child\" data-index=\"2\" ><div class=\"panel-widget-style panel-widget-style-for-34369-0-2-0\" ><div\n\t\t\t\n\t\t\tclass=\"so-widget-sow-editor so-widget-sow-editor-base\"\n\t\t\t\n\t\t>\n<div class=\"siteorigin-widget-tinymce textwidget\">\n\t<p style=\"text-align: right;\"><a href=\"https:\/\/www.peregrino.online\/fr\/chemins-de-saint-jacques\/chemin-francais\/29-palas-de-rei-melide\/\">29.Palas de Rei-Melide &gt;&gt;&gt;<\/a><\/p>\n<\/div>\n<\/div><\/div><\/div><\/div><\/div><div id=\"pg-34369-1\"  class=\"panel-grid panel-no-style\" ><div id=\"pgc-34369-1-0\"  class=\"panel-grid-cell\" ><div id=\"panel-34369-1-0-0\" class=\"so-panel widget widget_sow-editor panel-first-child\" data-index=\"3\" ><div class=\"panel-widget-style panel-widget-style-for-34369-1-0-0\" ><div\n\t\t\t\n\t\t\tclass=\"so-widget-sow-editor so-widget-sow-editor-base\"\n\t\t\t\n\t\t>\n<div class=\"siteorigin-widget-tinymce textwidget\">\n\t<h2 class=\"etapa-heading\">\n  <a style=\"text-decoration: none;\" href=\"https:\/\/www.peregrino.online\/fr\/application-pour-android-et-iphone\/\"><br \/>\n    <\/p>\n<p>  <\/a><br \/>\n<\/h2>\n<\/div>\n<\/div><\/div><\/div><div id=\"panel-34369-1-0-1\" class=\"so-panel widget widget_sow-editor panel-last-child\" data-index=\"4\" ><div class=\"panel-widget-style panel-widget-style-for-34369-1-0-1\" ><div\n\t\t\t\n\t\t\tclass=\"so-widget-sow-editor so-widget-sow-editor-base\"\n\t\t\t\n\t\t>\n<div class=\"siteorigin-widget-tinymce textwidget\">\n\t<table style=\"width: 100%;\">\n<tbody>\n<tr>\n    <!-- Flechas <<< alineadas completamente a la izquierda --><\/p>\n<td style=\"text-align: left;\">\n      <a style=\"text-decoration: none;\" href=\"https:\/\/www.peregrino.online\/fr\/chemins-de-saint-jacques\/chemin-francais\/27-sarria-portomarin\/\">&lt;&lt;&lt; 27<\/a>\n    <\/td>\n<p>    <!-- Palabra ETAPA centrada con un enlace --><\/p>\n<td style=\"text-align: center;\">\n      <a style=\"text-decoration: none;\" href=\"https:\/\/www.peregrino.online\/fr\/camino-frances\/\"><\/a>\n    <\/td>\n<p>    <!-- Flechas >>> alineadas completamente a la derecha --><\/p>\n<td style=\"text-align: right;\">\n      <a style=\"text-decoration: none;\" href=\"https:\/\/www.peregrino.online\/fr\/chemins-de-saint-jacques\/chemin-francais\/29-palas-de-rei-melide\/\">29 &gt;&gt;&gt;<\/a>\n    <\/td>\n<\/tr>\n<\/tbody>\n<\/table>\n<\/div>\n<\/div><\/div><\/div><\/div><\/div><div id=\"pg-34369-2\"  class=\"panel-grid panel-no-style\" ><div id=\"pgc-34369-2-0\"  class=\"panel-grid-cell\" ><div id=\"panel-34369-2-0-0\" class=\"so-panel widget widget_sow-editor panel-first-child panel-last-child\" data-index=\"5\" ><div\n\t\t\t\n\t\t\tclass=\"so-widget-sow-editor so-widget-sow-editor-base\"\n\t\t\t\n\t\t>\n<div class=\"siteorigin-widget-tinymce textwidget\">\n\t<h2 class=\"etapa-heading\"><a style=\"text-decoration: none;\" href=\"https:\/\/www.peregrino.online\/fr\/chemins-de-saint-jacques\/chemin-francais\/28-portomarin-palas-de-rei\/\">28.Portomarin-Palas de Rei<br \/>\n<\/a><\/h2>\n<\/div>\n<\/div><\/div><\/div><\/div><div id=\"pg-34369-3\"  class=\"panel-grid panel-no-style\" ><div id=\"pgc-34369-3-0\"  class=\"panel-grid-cell\" ><div id=\"panel-34369-3-0-0\" class=\"so-panel widget widget_sow-editor panel-first-child\" data-index=\"6\" ><div class=\"panel-widget-style panel-widget-style-for-34369-3-0-0\" ><div\n\t\t\t\n\t\t\tclass=\"so-widget-sow-editor so-widget-sow-editor-base\"\n\t\t\t\n\t\t>\n<div class=\"siteorigin-widget-tinymce textwidget\">\n\t<p>\t<script async=\"\" src=\"https:\/\/pagead2.googlesyndication.com\/pagead\/js\/adsbygoogle.js?client=ca-pub-2532007851679717\" crossorigin=\"anonymous\"><\/script><br \/>\n<ins class=\"adsbygoogle\" style=\"display:inline-block;width:336px;height:280px\" data-ad-client=\"ca-pub-2532007851679717\" data-ad-slot=\"3280880923\"><\/ins><br \/>\n<script>\n     (adsbygoogle = window.adsbygoogle || []).push({});\n<\/script><br \/>\n<span style=\"color: white;\">&nbsp;<\/span><br \/>\n<span style=\"color: white;\">&nbsp;<\/span><br \/>\n<span style=\"color: white;\">&nbsp;<\/span><\/p>\n<\/div>\n<\/div><\/div><\/div><div id=\"panel-34369-3-0-1\" class=\"so-panel widget widget_sow-editor\" data-index=\"7\" ><div class=\"panel-widget-style panel-widget-style-for-34369-3-0-1\" ><div\n\t\t\t\n\t\t\tclass=\"so-widget-sow-editor so-widget-sow-editor-base\"\n\t\t\t\n\t\t>\n<div class=\"siteorigin-widget-tinymce textwidget\">\n\t<h3 style=\"text-align: center;\"><strong>Auberges de l'\u00e9tape<\/strong><\/h3>\n<\/div>\n<\/div><\/div><\/div><div id=\"panel-34369-3-0-2\" class=\"widget_text so-panel widget widget_custom_html panel-last-child extendedwopts-hide extendedwopts-tablet extendedwopts-mobile widgetopts-SO\" data-index=\"8\" ><div class=\"widget_text panel-widget-style panel-widget-style-for-34369-3-0-2\" ><div class=\"textwidget custom-html-widget\"><div class=\"custom-button-style\"><div class=\"listing-item\"><a class=\"title\" href=\"https:\/\/www.peregrino.online\/fr\/chemin-francais\/alojamientos\/albergue-hosteria-de-gonzar\/\">Gonzar<br>Km 7,5<br>Auberge-Hoster\u00eda de Gonzar<\/a><\/div><div class=\"listing-item\"><a class=\"title\" href=\"https:\/\/www.peregrino.online\/fr\/chemin-francais\/alojamientos\/albergue-casa-garcia-gonzar\/\">Gonzar<br>Km 7,7+100m<br>Auberge Casa Garcia<\/a><\/div><div class=\"listing-item\"><a class=\"title\" href=\"https:\/\/www.peregrino.online\/fr\/chemin-francais\/alojamientos\/albergue-municipal-de-peregrinos-gonzar\/\">Gonzar<br>Km 8,0<br>Auberge municipal de peregrinos<\/a><\/div><div class=\"listing-item\"><a class=\"title\" href=\"https:\/\/www.peregrino.online\/fr\/chemin-francais\/alojamientos\/albergue-ortiz-castromaior\/\">Castromaior<br>Km 8,5<br>Auberge Ortiz<\/a><\/div><div class=\"listing-item\"><a class=\"title\" href=\"https:\/\/www.peregrino.online\/fr\/chemin-francais\/alojamientos\/casa-perdigueira-castromaior\/\">Castromaior<br>Km 9,2<br>Casa Perdigueira<\/a><\/div><div class=\"listing-item\"><a class=\"title\" href=\"https:\/\/www.peregrino.online\/fr\/chemin-francais\/alojamientos\/pension-casa-maruja-castromaior\/\">Castromaior<br>Km 9,2<br>Pension Casa Maruja<\/a><\/div><div class=\"listing-item\"><a class=\"title\" href=\"https:\/\/www.peregrino.online\/fr\/chemin-francais\/alojamientos\/hostal-o-labrador-hospital-da-cruz\/\">Hospital da Cruz<br>Km 11,6<br>Hostal O Labrador<\/a><\/div><div class=\"listing-item\"><a class=\"title\" href=\"https:\/\/www.peregrino.online\/fr\/chemin-francais\/alojamientos\/albergue-casa-molar-ventas-de-naron\/\">Ventas de Naron<br>Km 12,9<br>Auberge Casa Molar<\/a><\/div><div class=\"listing-item\"><a class=\"title\" href=\"https:\/\/www.peregrino.online\/fr\/chemin-francais\/alojamientos\/albergue-de-peregrinos-hospital-da-cruz\/\">Hospital da Cruz<br>Km 11,6+100m<br>Auberge de p\u00e8lerins<\/a><\/div><div class=\"listing-item\"><a class=\"title\" href=\"https:\/\/www.peregrino.online\/fr\/chemin-francais\/alojamientos\/albergue-pension-o-cruceiro-ventas-de-naron\/\">Ventas de Naron<br>Km 12,9<br>Auberge Pensi\u00f3n O Cruceiro<\/a><\/div><div class=\"listing-item\"><a class=\"title\" href=\"https:\/\/www.peregrino.online\/fr\/chemin-francais\/alojamientos\/casa-tania-ligonde\/\">Ligonde<br>Km 15,9<br>Casa Tania<\/a><\/div><div class=\"listing-item\"><a class=\"title\" href=\"https:\/\/www.peregrino.online\/fr\/chemin-francais\/alojamientos\/albergue-la-fuente-del-peregrino-ligonde\/\">Ligonde<br>Km 16,3<br>Auberge La Fuente del Peregrino<\/a><\/div><div class=\"listing-item\"><a class=\"title\" href=\"https:\/\/www.peregrino.online\/fr\/chemin-francais\/alojamientos\/albergue-municipal-de-peregrinos-eirexe\/\">Eirexe<br>Km 17,1<br>Auberge municipal de peregrinos<\/a><\/div><div class=\"listing-item\"><a class=\"title\" href=\"https:\/\/www.peregrino.online\/fr\/chemin-francais\/alojamientos\/pension-eirexe\/\">Eirexe<br>Km 17,1+40m<br>Pension Eirexe<\/a><\/div><div class=\"listing-item\"><a class=\"title\" href=\"https:\/\/www.peregrino.online\/fr\/chemin-francais\/alojamientos\/casa-rectoral-de-lestedo\/\">Lestedo<br>Km 19,9<br>Casa Rectoral de Lestedo<\/a><\/div><div class=\"listing-item\"><a class=\"title\" href=\"https:\/\/www.peregrino.online\/fr\/chemin-francais\/alojamientos\/hosteria-calixtino-os-valos\/\">Os Valos<br>Km 20,5+70m<br>Hoster\u00eda Calixtino<\/a><\/div><div class=\"listing-item\"><a class=\"title\" href=\"https:\/\/www.peregrino.online\/fr\/chemin-francais\/alojamientos\/albergue-municipal-os-chacotes-palas-de-rei\/\">Palas de Rei<br>Final<br>Auberge municipal Os Chacotes<\/a><\/div><div class=\"listing-item\"><a class=\"title\" href=\"https:\/\/www.peregrino.online\/fr\/chemin-francais\/alojamientos\/albergue-de-peregrinos-de-palas-de-rei\/\">Palas de Rei<br>Final<br>Auberge de p\u00e8lerins de Palas de Rei<\/a><\/div><div class=\"listing-item\"><a class=\"title\" href=\"https:\/\/www.peregrino.online\/fr\/chemin-francais\/alojamientos\/albergue-buen-camino-palas-de-rei\/\">Palas de Rei<br>Final<br>Auberge Buen Camino<\/a><\/div><div class=\"listing-item\"><a class=\"title\" href=\"https:\/\/www.peregrino.online\/fr\/chemin-francais\/alojamientos\/albergue-meson-de-benito-palas-de-rei\/\">Palas de Rei<br>Final<br>Auberge Meson de Benito<\/a><\/div><div class=\"listing-item\"><a class=\"title\" href=\"https:\/\/www.peregrino.online\/fr\/chemin-francais\/alojamientos\/albergue-castro-palas-de-rei\/\">Palas de Rei<br>Final<br>Auberge Castro<\/a><\/div><div class=\"listing-item\"><a class=\"title\" href=\"https:\/\/www.peregrino.online\/fr\/chemin-francais\/alojamientos\/albergue-pension-san-marcos-palas-de-rei\/\">Palas de Rei<br>Final<br>Auberge Pension San Marcos<\/a><\/div><div class=\"listing-item\"><a class=\"title\" href=\"https:\/\/www.peregrino.online\/fr\/chemin-francais\/alojamientos\/albergue-outeiro-palas-de-rei\/\">Palas de Rei<br>Final<br>Auberge Outeiro<\/a><\/div><div class=\"listing-item\"><a class=\"title\" href=\"https:\/\/www.peregrino.online\/fr\/chemin-francais\/alojamientos\/albergue-a-casina-di-marcello-palas-de-rei\/\">Palas de Rei<br>Final<br>Auberge A Casina di Marcello<\/a><\/div><div class=\"listing-item\"><a class=\"title\" href=\"https:\/\/www.peregrino.online\/fr\/chemin-francais\/alojamientos\/albergue-zendoira-palas-de-rei\/\">Palas de Rei<br>Final<br>Auberge Zendoira<\/a><\/div><div class=\"listing-item\"><a class=\"title\" href=\"https:\/\/www.peregrino.online\/fr\/chemin-francais\/alojamientos\/albergue-valin-lama-palas-de-rei\/\">Palas de Rei<br>Final<br>Auberge Valin Lama<\/a><\/div><div class=\"listing-item\"><a class=\"title\" href=\"https:\/\/www.peregrino.online\/fr\/chemin-francais\/alojamientos\/albergue-arenas-palas-palas-de-rei\/\">Palas de Rei<br>Final<br>Auberge Arenas Palas<\/a><\/div><div class=\"listing-item\"><a class=\"title\" href=\"https:\/\/www.peregrino.online\/fr\/chemin-francais\/alojamientos\/hoteles-palas-de-rei\/\">Palas de Rei<br><br>Hoteles<\/a><\/div><\/div>\n<\/div><\/div><\/div><\/div><div id=\"pgc-34369-3-1\"  class=\"panel-grid-cell\" ><div id=\"panel-34369-3-1-0\" class=\"so-panel widget widget_sow-editor panel-first-child\" data-index=\"9\" ><div\n\t\t\t\n\t\t\tclass=\"so-widget-sow-editor so-widget-sow-editor-base\"\n\t\t\t\n\t\t>\n<div class=\"siteorigin-widget-tinymce textwidget\">\n\t<p>\t<iframe loading=\"lazy\" style=\"border: 0;\" src=\"https:\/\/www.google.com\/maps?q=palas+de+rei&amp;output=embed\" width=\"600\" height=\"450\"><br \/>\n<\/iframe><\/p>\n<\/div>\n<\/div><\/div><div id=\"panel-34369-3-1-1\" class=\"so-panel widget widget_sow-editor\" data-index=\"10\" ><div\n\t\t\t\n\t\t\tclass=\"so-widget-sow-editor so-widget-sow-editor-base\"\n\t\t\t\n\t\t>\n<div class=\"siteorigin-widget-tinymce textwidget\">\n\t<p style=\"text-align: center;\"><strong>H\u00f4tels Palas de Rei<\/strong><\/p>\n<p style=\"text-align: justify;\">Nous avons cr\u00e9\u00e9 des fiches pour les \u00e9tablissements qui accueillent habituellement des p\u00e8lerins.<\/p>\n<p style=\"text-align: justify;\">Si vous d\u00e9cidez de rester ailleurs, les prix et les offres peuvent beaucoup varier, il est donc recommand\u00e9 de faire une recherche sur Booking et de r\u00e9server une chambre (voir le lien).<\/p>\n<\/div>\n<\/div><\/div><div id=\"panel-34369-3-1-2\" class=\"so-panel widget widget_sow-editor\" data-index=\"11\" ><div\n\t\t\t\n\t\t\tclass=\"so-widget-sow-editor so-widget-sow-editor-base\"\n\t\t\t\n\t\t>\n<div class=\"siteorigin-widget-tinymce textwidget\">\n\t<p style=\"text-align: justify;\"><b>Booking<\/b>:<\/p>\n<div class=\"booking-button-container\"><a class=\"booking-button\" href=\"https:\/\/www.booking.com\/city\/es\/palas-de-rey.html?aid=352575&amp;label=frances24\" rel=\"noopener\" target=\"_blank\">Booking.com<\/a><\/div><\/p>\n<\/div>\n<\/div><\/div><div id=\"panel-34369-3-1-3\" class=\"so-panel widget widget_sow-editor\" data-index=\"12\" ><div class=\"panel-widget-style panel-widget-style-for-34369-3-1-3\" ><div\n\t\t\t\n\t\t\tclass=\"so-widget-sow-editor so-widget-sow-editor-base\"\n\t\t\t\n\t\t>\n<div class=\"siteorigin-widget-tinymce textwidget\">\n\t<h3 style=\"text-align: center;\"><strong>Auberges de l'\u00e9tape<\/strong><\/h3>\n<\/div>\n<\/div><\/div><\/div><div id=\"panel-34369-3-1-4\" class=\"widget_text so-panel widget widget_custom_html panel-last-child extendedwopts-hide extendedwopts-desktop widgetopts-SO\" data-index=\"13\" ><div class=\"widget_text panel-widget-style panel-widget-style-for-34369-3-1-4\" ><div class=\"textwidget custom-html-widget\"><div class=\"custom-button-style\"><div class=\"listing-item\"><a class=\"title\" href=\"https:\/\/www.peregrino.online\/fr\/chemin-francais\/alojamientos\/albergue-hosteria-de-gonzar\/\">Gonzar<br>Km 7,5<br>Auberge-Hoster\u00eda de Gonzar<\/a><\/div><div class=\"listing-item\"><a class=\"title\" href=\"https:\/\/www.peregrino.online\/fr\/chemin-francais\/alojamientos\/albergue-casa-garcia-gonzar\/\">Gonzar<br>Km 7,7+100m<br>Auberge Casa Garcia<\/a><\/div><div class=\"listing-item\"><a class=\"title\" href=\"https:\/\/www.peregrino.online\/fr\/chemin-francais\/alojamientos\/albergue-municipal-de-peregrinos-gonzar\/\">Gonzar<br>Km 8,0<br>Auberge municipal de peregrinos<\/a><\/div><div class=\"listing-item\"><a class=\"title\" href=\"https:\/\/www.peregrino.online\/fr\/chemin-francais\/alojamientos\/albergue-ortiz-castromaior\/\">Castromaior<br>Km 8,5<br>Auberge Ortiz<\/a><\/div><div class=\"listing-item\"><a class=\"title\" href=\"https:\/\/www.peregrino.online\/fr\/chemin-francais\/alojamientos\/casa-perdigueira-castromaior\/\">Castromaior<br>Km 9,2<br>Casa Perdigueira<\/a><\/div><div class=\"listing-item\"><a class=\"title\" href=\"https:\/\/www.peregrino.online\/fr\/chemin-francais\/alojamientos\/pension-casa-maruja-castromaior\/\">Castromaior<br>Km 9,2<br>Pension Casa Maruja<\/a><\/div><div class=\"listing-item\"><a class=\"title\" href=\"https:\/\/www.peregrino.online\/fr\/chemin-francais\/alojamientos\/hostal-o-labrador-hospital-da-cruz\/\">Hospital da Cruz<br>Km 11,6<br>Hostal O Labrador<\/a><\/div><div class=\"listing-item\"><a class=\"title\" href=\"https:\/\/www.peregrino.online\/fr\/chemin-francais\/alojamientos\/albergue-casa-molar-ventas-de-naron\/\">Ventas de Naron<br>Km 12,9<br>Auberge Casa Molar<\/a><\/div><div class=\"listing-item\"><a class=\"title\" href=\"https:\/\/www.peregrino.online\/fr\/chemin-francais\/alojamientos\/albergue-de-peregrinos-hospital-da-cruz\/\">Hospital da Cruz<br>Km 11,6+100m<br>Auberge de p\u00e8lerins<\/a><\/div><div class=\"listing-item\"><a class=\"title\" href=\"https:\/\/www.peregrino.online\/fr\/chemin-francais\/alojamientos\/albergue-pension-o-cruceiro-ventas-de-naron\/\">Ventas de Naron<br>Km 12,9<br>Auberge Pensi\u00f3n O Cruceiro<\/a><\/div><div class=\"listing-item\"><a class=\"title\" href=\"https:\/\/www.peregrino.online\/fr\/chemin-francais\/alojamientos\/casa-tania-ligonde\/\">Ligonde<br>Km 15,9<br>Casa Tania<\/a><\/div><div class=\"listing-item\"><a class=\"title\" href=\"https:\/\/www.peregrino.online\/fr\/chemin-francais\/alojamientos\/albergue-la-fuente-del-peregrino-ligonde\/\">Ligonde<br>Km 16,3<br>Auberge La Fuente del Peregrino<\/a><\/div><div class=\"listing-item\"><a class=\"title\" href=\"https:\/\/www.peregrino.online\/fr\/chemin-francais\/alojamientos\/albergue-municipal-de-peregrinos-eirexe\/\">Eirexe<br>Km 17,1<br>Auberge municipal de peregrinos<\/a><\/div><div class=\"listing-item\"><a class=\"title\" href=\"https:\/\/www.peregrino.online\/fr\/chemin-francais\/alojamientos\/pension-eirexe\/\">Eirexe<br>Km 17,1+40m<br>Pension Eirexe<\/a><\/div><div class=\"listing-item\"><a class=\"title\" href=\"https:\/\/www.peregrino.online\/fr\/chemin-francais\/alojamientos\/casa-rectoral-de-lestedo\/\">Lestedo<br>Km 19,9<br>Casa Rectoral de Lestedo<\/a><\/div><div class=\"listing-item\"><a class=\"title\" href=\"https:\/\/www.peregrino.online\/fr\/chemin-francais\/alojamientos\/hosteria-calixtino-os-valos\/\">Os Valos<br>Km 20,5+70m<br>Hoster\u00eda Calixtino<\/a><\/div><div class=\"listing-item\"><a class=\"title\" href=\"https:\/\/www.peregrino.online\/fr\/chemin-francais\/alojamientos\/albergue-municipal-os-chacotes-palas-de-rei\/\">Palas de Rei<br>Final<br>Auberge municipal Os Chacotes<\/a><\/div><div class=\"listing-item\"><a class=\"title\" href=\"https:\/\/www.peregrino.online\/fr\/chemin-francais\/alojamientos\/albergue-de-peregrinos-de-palas-de-rei\/\">Palas de Rei<br>Final<br>Auberge de p\u00e8lerins de Palas de Rei<\/a><\/div><div class=\"listing-item\"><a class=\"title\" href=\"https:\/\/www.peregrino.online\/fr\/chemin-francais\/alojamientos\/albergue-buen-camino-palas-de-rei\/\">Palas de Rei<br>Final<br>Auberge Buen Camino<\/a><\/div><div class=\"listing-item\"><a class=\"title\" href=\"https:\/\/www.peregrino.online\/fr\/chemin-francais\/alojamientos\/albergue-meson-de-benito-palas-de-rei\/\">Palas de Rei<br>Final<br>Auberge Meson de Benito<\/a><\/div><div class=\"listing-item\"><a class=\"title\" href=\"https:\/\/www.peregrino.online\/fr\/chemin-francais\/alojamientos\/albergue-castro-palas-de-rei\/\">Palas de Rei<br>Final<br>Auberge Castro<\/a><\/div><div class=\"listing-item\"><a class=\"title\" href=\"https:\/\/www.peregrino.online\/fr\/chemin-francais\/alojamientos\/albergue-pension-san-marcos-palas-de-rei\/\">Palas de Rei<br>Final<br>Auberge Pension San Marcos<\/a><\/div><div class=\"listing-item\"><a class=\"title\" href=\"https:\/\/www.peregrino.online\/fr\/chemin-francais\/alojamientos\/albergue-outeiro-palas-de-rei\/\">Palas de Rei<br>Final<br>Auberge Outeiro<\/a><\/div><div class=\"listing-item\"><a class=\"title\" href=\"https:\/\/www.peregrino.online\/fr\/chemin-francais\/alojamientos\/albergue-a-casina-di-marcello-palas-de-rei\/\">Palas de Rei<br>Final<br>Auberge A Casina di Marcello<\/a><\/div><div class=\"listing-item\"><a class=\"title\" href=\"https:\/\/www.peregrino.online\/fr\/chemin-francais\/alojamientos\/albergue-zendoira-palas-de-rei\/\">Palas de Rei<br>Final<br>Auberge Zendoira<\/a><\/div><div class=\"listing-item\"><a class=\"title\" href=\"https:\/\/www.peregrino.online\/fr\/chemin-francais\/alojamientos\/albergue-valin-lama-palas-de-rei\/\">Palas de Rei<br>Final<br>Auberge Valin Lama<\/a><\/div><div class=\"listing-item\"><a class=\"title\" href=\"https:\/\/www.peregrino.online\/fr\/chemin-francais\/alojamientos\/albergue-arenas-palas-palas-de-rei\/\">Palas de Rei<br>Final<br>Auberge Arenas Palas<\/a><\/div><div class=\"listing-item\"><a class=\"title\" href=\"https:\/\/www.peregrino.online\/fr\/chemin-francais\/alojamientos\/hoteles-palas-de-rei\/\">Palas de Rei<br><br>Hoteles<\/a><\/div><\/div>\n<\/div><\/div><\/div><\/div><\/div><\/div>","protected":false},"excerpt":{"rendered":"<p>&lt;&lt;&lt; 27.Sarria-Portomarin Camino Frances 29.Palas de Rei-Melide &gt;&gt;&gt; &lt;&lt;&lt; 27 29 &gt;&gt;&gt;<\/p>\n","protected":false},"author":1,"featured_media":0,"comment_status":"closed","ping_status":"closed","sticky":false,"template":"","format":"standard","meta":{"footnotes":""},"categories":[725],"tags":[905],"class_list":["post-34369","post","type-post","status-publish","format-standard","hentry","category-chemin-francais","tag-fran28-fr"],"_links":{"self":[{"href":"https:\/\/www.peregrino.online\/fr\/wp-json\/wp\/v2\/posts\/34369","targetHints":{"allow":["GET"]}}],"collection":[{"href":"https:\/\/www.peregrino.online\/fr\/wp-json\/wp\/v2\/posts"}],"about":[{"href":"https:\/\/www.peregrino.online\/fr\/wp-json\/wp\/v2\/types\/post"}],"author":[{"embeddable":true,"href":"https:\/\/www.peregrino.online\/fr\/wp-json\/wp\/v2\/users\/1"}],"replies":[{"embeddable":true,"href":"https:\/\/www.peregrino.online\/fr\/wp-json\/wp\/v2\/comments?post=34369"}],"version-history":[{"count":0,"href":"https:\/\/www.peregrino.online\/fr\/wp-json\/wp\/v2\/posts\/34369\/revisions"}],"wp:attachment":[{"href":"https:\/\/www.peregrino.online\/fr\/wp-json\/wp\/v2\/media?parent=34369"}],"wp:term":[{"taxonomy":"category","embeddable":true,"href":"https:\/\/www.peregrino.online\/fr\/wp-json\/wp\/v2\/categories?post=34369"},{"taxonomy":"post_tag","embeddable":true,"href":"https:\/\/www.peregrino.online\/fr\/wp-json\/wp\/v2\/tags?post=34369"}],"curies":[{"name":"wp","href":"https:\/\/api.w.org\/{rel}","templated":true}]}}