{"id":14300,"date":"2024-12-27T07:15:45","date_gmt":"2024-12-27T07:15:45","guid":{"rendered":"https:\/\/www.peregrino.online\/non-classifiee\/31-benavente-alija-del-infantado\/"},"modified":"2024-12-29T04:25:22","modified_gmt":"2024-12-29T04:25:22","slug":"31-benavente-alija-del-infantado","status":"publish","type":"post","link":"https:\/\/www.peregrino.online\/fr\/route-de-largent\/etapas\/31-benavente-alija-del-infantado\/","title":{"rendered":"31.Benavente-Alija del Infantado"},"content":{"rendered":"<div id=\"pl-14300\"  class=\"panel-layout\" ><div id=\"pg-14300-0\"  class=\"panel-grid panel-no-style\" ><div id=\"pgc-14300-0-0\"  class=\"panel-grid-cell\" ><div id=\"panel-14300-0-0-0\" class=\"so-panel widget widget_sow-editor panel-first-child panel-last-child extendedwopts-hide extendedwopts-tablet extendedwopts-mobile widgetopts-SO\" data-index=\"0\" ><div\n\t\t\t\n\t\t\tclass=\"so-widget-sow-editor so-widget-sow-editor-base\"\n\t\t\t\n\t\t>\n<div class=\"siteorigin-widget-tinymce textwidget\">\n\t<p><a href=\"https:\/\/www.peregrino.online\/fr\/chemins-de-saint-jacques\/route-de-largent\/30-granja-de-moreruela-benavente\/\">&lt;&lt;&lt; 30.Granja de Moreruela\u2013Benavente<\/a><\/p>\n<\/div>\n<\/div><\/div><\/div><div id=\"pgc-14300-0-1\"  class=\"panel-grid-cell\" ><div id=\"panel-14300-0-1-0\" class=\"so-panel widget widget_sow-editor panel-first-child panel-last-child extendedwopts-hide extendedwopts-tablet extendedwopts-mobile widgetopts-SO\" data-index=\"1\" ><div\n\t\t\t\n\t\t\tclass=\"so-widget-sow-editor so-widget-sow-editor-base\"\n\t\t\t\n\t\t>\n<div class=\"siteorigin-widget-tinymce textwidget\">\n\t<h3 style=\"text-align: center;\"><a href=\"https:\/\/www.peregrino.online\/fr\/via-de-la-plata\/\">Voie de l'Argent<\/a><\/h3>\n<\/div>\n<\/div><\/div><\/div><div id=\"pgc-14300-0-2\"  class=\"panel-grid-cell\" ><div id=\"panel-14300-0-2-0\" class=\"so-panel widget widget_sow-editor panel-first-child panel-last-child extendedwopts-hide extendedwopts-tablet extendedwopts-mobile widgetopts-SO\" data-index=\"2\" ><div\n\t\t\t\n\t\t\tclass=\"so-widget-sow-editor so-widget-sow-editor-base\"\n\t\t\t\n\t\t>\n<div class=\"siteorigin-widget-tinymce textwidget\">\n\t<p style=\"text-align: right;\"><a href=\"https:\/\/www.peregrino.online\/fr\/chemins-de-saint-jacques\/route-de-largent\/32-alija-del-infantado-la-baneza\/\">32.Alija del Infantado\u2013La Ba\u00f1eza &gt;&gt;&gt;<\/a><\/p>\n<\/div>\n<\/div><\/div><\/div><\/div><div id=\"pg-14300-1\"  class=\"panel-grid panel-no-style\" ><div id=\"pgc-14300-1-0\"  class=\"panel-grid-cell\" ><div id=\"panel-14300-1-0-0\" class=\"so-panel widget widget_sow-editor panel-first-child extendedwopts-hide extendedwopts-desktop widgetopts-SO\" data-index=\"3\" ><div\n\t\t\t\n\t\t\tclass=\"so-widget-sow-editor so-widget-sow-editor-base\"\n\t\t\t\n\t\t>\n<div class=\"siteorigin-widget-tinymce textwidget\">\n\t<p><\/a><\/h3>\n<\/div>\n<\/div><\/div><div id=\"panel-14300-1-0-1\" class=\"so-panel widget widget_sow-editor panel-last-child extendedwopts-hide extendedwopts-desktop widgetopts-SO\" data-index=\"4\" ><div\n\t\t\t\n\t\t\tclass=\"so-widget-sow-editor so-widget-sow-editor-base\"\n\t\t\t\n\t\t>\n<div class=\"siteorigin-widget-tinymce textwidget\">\n\t<div style=\"display: flex; justify-content: space-between; align-items: center; width: 100%;\">\n<p><!-- Flechas <<<alineadas completamente a la izquierda --><\/alineadas><\/p>\n<div style=\"flex: 1; text-align: left;\"><a style=\"text-decoration: none;\" href=\"https:\/\/www.peregrino.online\/fr\/chemins-de-saint-jacques\/route-de-largent\/30-granja-de-moreruela-benavente\/\">&lt;&lt;&lt; 30<\/a><\/div>\n<p><!-- Palabra ETAPA centrada con un enlace --><\/p>\n<div style=\"flex: 1; text-align: center;\"><a style=\"text-decoration: none;\" href=\"https:\/\/www.peregrino.online\/fr\/via-de-la-plata\/\"><\/a><\/div>\n<p><!-- Flechas>>> alineadas completamente a la derecha --><\/p>\n<div style=\"flex: 1; text-align: right;\"><a style=\"text-decoration: none;\" href=\"https:\/\/www.peregrino.online\/fr\/chemins-de-saint-jacques\/route-de-largent\/32-alija-del-infantado-la-baneza\/\">32 &gt;&gt;&gt;<\/a><\/div>\n<\/div>\n<p>&nbsp;<\/p>\n<\/div>\n<\/div><\/div><\/div><\/div><div id=\"pg-14300-2\"  class=\"panel-grid panel-no-style\" ><div id=\"pgc-14300-2-0\"  class=\"panel-grid-cell\" ><div id=\"panel-14300-2-0-0\" class=\"so-panel widget widget_sow-editor panel-first-child widgetopts-SO\" data-index=\"5\" ><div\n\t\t\t\n\t\t\tclass=\"so-widget-sow-editor so-widget-sow-editor-base\"\n\t\t\t\n\t\t>\n<div class=\"siteorigin-widget-tinymce textwidget\">\n\t<h2 class=\"etapa-heading\">31.Benavente-Alija del Infantado<\/h2>\n<\/div>\n<\/div><\/div><div id=\"panel-14300-2-0-1\" class=\"so-panel widget widget_sow-editor panel-last-child widgetopts-SO\" data-index=\"6\" ><div\n\t\t\t\n\t\t\tclass=\"so-widget-sow-editor so-widget-sow-editor-base\"\n\t\t\t\n\t\t>\n<div class=\"siteorigin-widget-tinymce textwidget\">\n\t<p><iframe loading=\"lazy\" src=\"https:\/\/www.google.com\/maps\/d\/embed?mid=1d_aw8d2cGF8n8p3TF1DXeY1bCqk&amp;ll\" width=\"1000\" height=\"480\"><\/iframe><\/p>\n<\/div>\n<\/div><\/div><\/div><\/div><div id=\"pg-14300-3\"  class=\"panel-grid panel-no-style\" ><div id=\"pgc-14300-3-0\"  class=\"panel-grid-cell\" ><div id=\"panel-14300-3-0-0\" class=\"so-panel widget widget_sow-editor panel-first-child widgetopts-SO\" data-index=\"7\" ><div\n\t\t\t\n\t\t\tclass=\"so-widget-sow-editor so-widget-sow-editor-base\"\n\t\t\t\n\t\t>\n<div class=\"siteorigin-widget-tinymce textwidget\">\n\t<h3 style=\"text-align: center;\"><strong>Auberges de l'\u00e9tape<\/strong><\/h3>\n<\/div>\n<\/div><\/div><div id=\"panel-14300-3-0-1\" class=\"widget_text so-panel widget widget_custom_html panel-last-child widgetopts-SO\" data-index=\"8\" ><div class=\"textwidget custom-html-widget\"><div class=\"custom-button-style\"><div class=\"listing-item\"><a class=\"title\" href=\"https:\/\/www.peregrino.online\/fr\/route-de-largent\/alojamientos\/albergue-de-peregrinos-alija-del-infantado\/\">Alija del Infantado<br>Km 20,6<br>Auberge des p\u00e8lerins<\/a><\/div><div class=\"listing-item\"><a class=\"title\" href=\"https:\/\/www.peregrino.online\/fr\/route-de-largent\/alojamientos\/hotel-el-hotelito-alija-del-infantado\/\">Alija del Infantado<br>Km 20,6 + 900 m<br>H\u00f4tel El Hotelito<\/a><\/div><\/div>\n<\/div><\/div><\/div><div id=\"pgc-14300-3-1\"  class=\"panel-grid-cell\" ><div id=\"panel-14300-3-1-0\" class=\"so-panel widget widget_sow-editor panel-first-child widgetopts-SO\" data-index=\"9\" ><div\n\t\t\t\n\t\t\tclass=\"so-widget-sow-editor so-widget-sow-editor-base\"\n\t\t\t\n\t\t>\n<div class=\"siteorigin-widget-tinymce textwidget\">\n\t<h3 style=\"text-align: center;\">31.Benavente-Alija del Infantado<\/h3>\n<p><img decoding=\"async\" class=\"aligncenter\" style=\"width: 400px; height: 193px;\" src=\"https:\/\/peregrino.online\/camino-de-santiago\/via-de-la-plata\/fotos\/Perfiles\/32benaventealija.jpg\" alt=\"31.Benavente-Alija del Infantado\"><\/p>\n<\/div>\n<\/div><\/div><div id=\"panel-14300-3-1-1\" class=\"so-panel widget widget_sow-editor widgetopts-SO\" data-index=\"10\" ><div\n\t\t\t\n\t\t\tclass=\"so-widget-sow-editor so-widget-sow-editor-base\"\n\t\t\t\n\t\t>\n<div class=\"siteorigin-widget-tinymce textwidget\">\n\t<p>                    <center><\/p>\n<h3 class=\"ui-bar ui-bar-a\">Tron\u00e7ons<\/h3>\n<p><\/center><\/p>\n<p><!--INICIO RUTOMETRO--><\/p>\n<p style=\"text-align: justify;\">(1)Benavente-(2)Villabrazaro: 0-7,3 km<\/p>\n<p style=\"text-align: justify;\">(2)Villabrazaro-(3)Auberge Alija del Infantado: 7,3-20,6 (13,6 km)<\/p>\n<p><!--FIN RUTOMETRO--><br \/>\n                    <center><\/p>\n<h3 class=\"ui-bar ui-bar-a\">Description<\/h3>\n<p><\/center><\/p>\n<p><!--INICIO DESCRIPCION ETAPA--> <\/p>\n<p style=\"text-align: justify;\"><b>ATTENTION<\/b>: Nous vous recommandons de suivre la Via Verde. C'est un nouveau chemin, plus court et plus beau. L'original est toujours indiqu\u00e9 en jaune mais nous vous recommandons de continuer sur la Via Verde (voir la voie verte sur la carte et les photos)<\/p>\n<p style=\"text-align: justify;\">Nous sortons de Benavente par la Carretera de la Estacion (route de la gare) (photo 1). A la fin de la rue, cell-ci tourne sur la droite (photo 2 km 0,3) pour devenir la rue Calle de los Tejares. Apr\u00e8s quelques m\u00e8tres nous devrons tourner de nouveau, dans l\u2019avenue de los Donantes de sangre, par laquelle nous sortirons de Benavente. L\u2019avenue se transforme en la route Carretera de Albucilla (photo 3 et 4), que nous suivrons jusqu\u2019au km 5,2 (photo 5) o\u00f9 nous la quitterons pour prendre un chemin sur la droite. Ce chemin monte sur 800 m\u00e8tres, puis descend en nous menant directement \u00e0 la route d\u2019entr\u00e9e \u00e0 Villabrazaro (photo 6 km 7,0).<\/p>\n<p style=\"text-align: justify;\">Nous entrons dans Villabrazaro par la rue Calle Real (photo 7 km 7,3). Nous continuons sur la route, traversons le ruisseau Ahogaborricos (photo 8, km 8,3) et continuons sur une petite route \u00e0 peine transit\u00e9e (photo 9 km 8,9 et photo 10 km 11,7).<\/p>\n<p style=\"text-align: justify;\">Nous arrivons au km 15,9 (photo 11) \u00e0 Maire de Castroponce, que nous traversons puis continuons tout droit. Au km 17,9 (photo 12) nous quitterons la province de Zamora pour entrer dans celle de Leon. Au km 18,5 (photo 13) nous traversons la rivi\u00e8re Orbigo par le Pont Romain de La Vizana. Le pont \u00e0 peine travers\u00e9 nous arrivons \u00e0 la route LE-114 (photo 14 km 18,9) que nous prenons sur la gauche, nous menant directement \u00e0 Alija de Infantado. <\/p>\n<\/div>\n<\/div><\/div><div id=\"panel-14300-3-1-2\" class=\"so-panel widget widget_sow-editor widgetopts-SO\" data-index=\"11\" ><div\n\t\t\t\n\t\t\tclass=\"so-widget-sow-editor so-widget-sow-editor-base\"\n\t\t\t\n\t\t>\n<div class=\"siteorigin-widget-tinymce textwidget\">\n\t<h3 style=\"text-align: center;\">Photos<\/h3>\n<\/div>\n<\/div><\/div><div id=\"panel-14300-3-1-3\" class=\"so-panel widget widget_sow-editor panel-last-child widgetopts-SO\" data-index=\"12\" ><div\n\t\t\t\n\t\t\tclass=\"so-widget-sow-editor so-widget-sow-editor-base\"\n\t\t\t\n\t\t>\n<div class=\"siteorigin-widget-tinymce textwidget\">\n\t<p>\t\t<center><img decoding=\"async\" src=\"https:\/\/peregrino.online\/camino-de-santiago\/via-de-la-plata\/fotos\/32\/small\/1km0.jpg\"><\/center><br \/>\n        <center><\/p>\n<h5 class=\"ui-bar ui-bar-a\">1 km 0<\/h5>\n<p><\/center><br \/>\n        <center><img decoding=\"async\" src=\"https:\/\/peregrino.online\/camino-de-santiago\/via-de-la-plata\/fotos\/32\/small\/2km0,3.jpg\"> <\/center><br \/>\n        <center><\/p>\n<h5 class=\"ui-bar ui-bar-a\">2 km 0,3<\/h5>\n<p><\/center><br \/>\n        <center><img decoding=\"async\" src=\"https:\/\/peregrino.online\/camino-de-santiago\/via-de-la-plata\/fotos\/32\/small\/3km3,8.jpg\"> <\/center><br \/>\n        <center><\/p>\n<h5 class=\"ui-bar ui-bar-a\">3 km 2,8<\/h5>\n<p><\/center><br \/>\n        <center><img decoding=\"async\" src=\"https:\/\/peregrino.online\/camino-de-santiago\/via-de-la-plata\/fotos\/32\/small\/4km3,8.jpg\"><\/center><br \/>\n\t\t<center><\/p>\n<h5 class=\"ui-bar ui-bar-a\">4 km 3,8<\/h5>\n<p><\/center><br \/>\n        <center><img decoding=\"async\" src=\"https:\/\/peregrino.online\/camino-de-santiago\/via-de-la-plata\/fotos\/32\/small\/5km5,2.jpg\"> <\/center><br \/>\n        <center><\/p>\n<h5 class=\"ui-bar ui-bar-a\">5 km 5,2<\/h5>\n<p><\/center><br \/>\n        <center><img decoding=\"async\" src=\"https:\/\/peregrino.online\/camino-de-santiago\/via-de-la-plata\/fotos\/32\/small\/6km7,0.jpg\"> <\/center><br \/>\n        <center><\/p>\n<h5 class=\"ui-bar ui-bar-a\">6 km 7,0<\/h5>\n<p><\/center><br \/>\n        <center><img decoding=\"async\" src=\"https:\/\/peregrino.online\/camino-de-santiago\/via-de-la-plata\/fotos\/fservi\/lamanga.jpg\"><\/center><br \/>\n\t\t<center><\/p>\n<h5 class=\"ui-bar ui-bar-a\">7 km 7,3  <\/h5>\n<p><\/center><br \/>\n        <center><img decoding=\"async\" src=\"https:\/\/peregrino.online\/camino-de-santiago\/via-de-la-plata\/fotos\/32\/small\/8Km8,3.jpg\"> <\/center><br \/>\n        <center><\/p>\n<h5 class=\"ui-bar ui-bar-a\">8 km 8,3<\/h5>\n<p><\/center><br \/>\n        <center><img decoding=\"async\" src=\"https:\/\/peregrino.online\/camino-de-santiago\/via-de-la-plata\/fotos\/32\/small\/9Km8,9.jpg\"> <\/center><br \/>\n        <center><\/p>\n<h5 class=\"ui-bar ui-bar-a\">9 km 8,9<\/h5>\n<p><\/center><br \/>\n        <center><img decoding=\"async\" src=\"https:\/\/peregrino.online\/camino-de-santiago\/via-de-la-plata\/fotos\/32\/small\/10Km11,7.jpg\"><\/center><br \/>\n\t\t<center><\/p>\n<h5 class=\"ui-bar ui-bar-a\">10 km 11,7<\/h5>\n<p><\/center><br \/>\n        <center><img decoding=\"async\" src=\"https:\/\/peregrino.online\/camino-de-santiago\/via-de-la-plata\/fotos\/32\/small\/11Km15,9.jpg\"> <\/center><br \/>\n        <center><\/p>\n<h5 class=\"ui-bar ui-bar-a\">11 km 15,9<\/h5>\n<p><\/center><br \/>\n        <center><img decoding=\"async\" src=\"https:\/\/peregrino.online\/camino-de-santiago\/via-de-la-plata\/fotos\/32\/small\/12Km17,9.jpg\"> <\/center><br \/>\n        <center><\/p>\n<h5 class=\"ui-bar ui-bar-a\">12 km 17,9<\/h5>\n<p><\/center><br \/>\n        <center><img decoding=\"async\" src=\"https:\/\/peregrino.online\/camino-de-santiago\/via-de-la-plata\/fotos\/32\/small\/13Km18,5.jpg\"><\/center><br \/>\n\t\t<center><\/p>\n<h5 class=\"ui-bar ui-bar-a\">13 km 18,5<\/h5>\n<p><\/center><br \/>\n        <center><img decoding=\"async\" src=\"https:\/\/peregrino.online\/camino-de-santiago\/via-de-la-plata\/fotos\/32\/small\/14Km18,9.jpg\"> <\/center><br \/>\n        <center><\/p>\n<h5 class=\"ui-bar ui-bar-a\">14 km 18,9<\/h5>\n<p><\/center><br \/>\n\t\t<center><img decoding=\"async\" src=\"https:\/\/peregrino.online\/camino-de-santiago\/via-de-la-plata\/fotos\/32\/small\/verde1.jpg\"> <\/center><br \/>\n        <center><\/p>\n<h5 class=\"ui-bar ui-bar-a\">Vert 1<\/h5>\n<p><\/center><br \/>\n\t\t<center><img decoding=\"async\" src=\"https:\/\/peregrino.online\/camino-de-santiago\/via-de-la-plata\/fotos\/32\/small\/verde2.jpg\"> <\/center><br \/>\n        <center><\/p>\n<h5 class=\"ui-bar ui-bar-a\">Vert 2<\/h5>\n<p><\/center><br \/>\n\t\t<center><img decoding=\"async\" src=\"https:\/\/peregrino.online\/camino-de-santiago\/via-de-la-plata\/fotos\/32\/small\/verde3.jpg\"> <\/center><br \/>\n        <center><\/p>\n<h5 class=\"ui-bar ui-bar-a\">Vert 3<\/h5>\n<p><\/center><br \/>\n\t\t<center><img decoding=\"async\" src=\"https:\/\/peregrino.online\/camino-de-santiago\/via-de-la-plata\/fotos\/32\/small\/verde4.jpg\"> <\/center><br \/>\n        <center><\/p>\n<h5 class=\"ui-bar ui-bar-a\">Vert 4<\/h5>\n<p><\/center><br \/>\n\t\t<center><img decoding=\"async\" src=\"https:\/\/peregrino.online\/camino-de-santiago\/via-de-la-plata\/fotos\/32\/small\/verde5.jpg\"> <\/center><br \/>\n        <center><\/p>\n<h5 class=\"ui-bar ui-bar-a\">Vert 5<\/h5>\n<p><\/center><br \/>\n\t\t<center><img decoding=\"async\" src=\"https:\/\/peregrino.online\/camino-de-santiago\/via-de-la-plata\/fotos\/32\/small\/verde6.jpg\"> <\/center><br \/>\n        <center><\/p>\n<h5 class=\"ui-bar ui-bar-a\">Vert 6<\/h5>\n<p><\/center><br \/>\n\t\t<center><img decoding=\"async\" src=\"https:\/\/peregrino.online\/camino-de-santiago\/via-de-la-plata\/fotos\/32\/small\/verde7.jpg\"> <\/center><br \/>\n        <center><\/p>\n<h5 class=\"ui-bar ui-bar-a\">Vert 7<\/h5>\n<p><\/center><\/p>\n<\/div>\n<\/div><\/div><\/div><\/div><\/div>","protected":false},"excerpt":{"rendered":"<p>&lt;&lt;&lt; 30.Granja de Moreruela\u2013Benavente Voie de l&rsquo;Argent 32.Alija del Infantado\u2013La Ba\u00f1eza &gt;&gt;&gt; &lt;&lt;&lt; 30 32 &gt;&gt;&gt; &nbsp;<\/p>\n","protected":false},"author":1,"featured_media":0,"comment_status":"closed","ping_status":"closed","sticky":false,"template":"","format":"standard","meta":{"footnotes":""},"categories":[46],"tags":[],"class_list":["post-14300","post","type-post","status-publish","format-standard","hentry","category-route-de-largent"],"_links":{"self":[{"href":"https:\/\/www.peregrino.online\/fr\/wp-json\/wp\/v2\/posts\/14300","targetHints":{"allow":["GET"]}}],"collection":[{"href":"https:\/\/www.peregrino.online\/fr\/wp-json\/wp\/v2\/posts"}],"about":[{"href":"https:\/\/www.peregrino.online\/fr\/wp-json\/wp\/v2\/types\/post"}],"author":[{"embeddable":true,"href":"https:\/\/www.peregrino.online\/fr\/wp-json\/wp\/v2\/users\/1"}],"replies":[{"embeddable":true,"href":"https:\/\/www.peregrino.online\/fr\/wp-json\/wp\/v2\/comments?post=14300"}],"version-history":[{"count":0,"href":"https:\/\/www.peregrino.online\/fr\/wp-json\/wp\/v2\/posts\/14300\/revisions"}],"wp:attachment":[{"href":"https:\/\/www.peregrino.online\/fr\/wp-json\/wp\/v2\/media?parent=14300"}],"wp:term":[{"taxonomy":"category","embeddable":true,"href":"https:\/\/www.peregrino.online\/fr\/wp-json\/wp\/v2\/categories?post=14300"},{"taxonomy":"post_tag","embeddable":true,"href":"https:\/\/www.peregrino.online\/fr\/wp-json\/wp\/v2\/tags?post=14300"}],"curies":[{"name":"wp","href":"https:\/\/api.w.org\/{rel}","templated":true}]}}