{"id":13874,"date":"2024-12-26T05:56:31","date_gmt":"2024-12-26T05:56:31","guid":{"rendered":"https:\/\/www.peregrino.online\/non-classifiee\/4-almaden-el-real-de-la-jara\/"},"modified":"2024-12-28T07:37:03","modified_gmt":"2024-12-28T07:37:03","slug":"4-almaden-el-real-de-la-jara","status":"publish","type":"post","link":"https:\/\/www.peregrino.online\/fr\/route-de-largent\/etapas\/4-almaden-el-real-de-la-jara\/","title":{"rendered":"4.Almaden\u2013El Real de la Jara"},"content":{"rendered":"<div id=\"pl-13874\"  class=\"panel-layout\" ><div id=\"pg-13874-0\"  class=\"panel-grid panel-no-style\" ><div id=\"pgc-13874-0-0\"  class=\"panel-grid-cell\" ><div id=\"panel-13874-0-0-0\" class=\"so-panel widget widget_sow-editor panel-first-child panel-last-child extendedwopts-hide extendedwopts-tablet extendedwopts-mobile widgetopts-SO\" data-index=\"0\" ><div\n\t\t\t\n\t\t\tclass=\"so-widget-sow-editor so-widget-sow-editor-base\"\n\t\t\t\n\t\t>\n<div class=\"siteorigin-widget-tinymce textwidget\">\n\t<p><a href=\"https:\/\/www.peregrino.online\/fr\/chemins-de-saint-jacques\/route-de-largent\/3-castilblanco-almaden-de-la-plata\/\">&lt;&lt;&lt; 3.Castilblanco-Almaden de la Plata<\/a><\/p>\n<\/div>\n<\/div><\/div><\/div><div id=\"pgc-13874-0-1\"  class=\"panel-grid-cell\" ><div id=\"panel-13874-0-1-0\" class=\"so-panel widget widget_sow-editor panel-first-child panel-last-child extendedwopts-hide extendedwopts-tablet extendedwopts-mobile widgetopts-SO\" data-index=\"1\" ><div\n\t\t\t\n\t\t\tclass=\"so-widget-sow-editor so-widget-sow-editor-base\"\n\t\t\t\n\t\t>\n<div class=\"siteorigin-widget-tinymce textwidget\">\n\t<h3 style=\"text-align: center;\"><a href=\"https:\/\/www.peregrino.online\/fr\/via-de-la-plata\/\">Voie de l'Argent<\/a><\/h3>\n<\/div>\n<\/div><\/div><\/div><div id=\"pgc-13874-0-2\"  class=\"panel-grid-cell\" ><div id=\"panel-13874-0-2-0\" class=\"so-panel widget widget_sow-editor panel-first-child panel-last-child extendedwopts-hide extendedwopts-tablet extendedwopts-mobile widgetopts-SO\" data-index=\"2\" ><div\n\t\t\t\n\t\t\tclass=\"so-widget-sow-editor so-widget-sow-editor-base\"\n\t\t\t\n\t\t>\n<div class=\"siteorigin-widget-tinymce textwidget\">\n\t<p style=\"text-align: right;\"><a href=\"https:\/\/www.peregrino.online\/fr\/chemins-de-saint-jacques\/route-de-largent\/5-el-real-de-la-jara-monesterio\/\">5.El Real de la Jara-Monesterio &gt;&gt;&gt;<\/a><\/p>\n<\/div>\n<\/div><\/div><\/div><\/div><div id=\"pg-13874-1\"  class=\"panel-grid panel-no-style\" ><div id=\"pgc-13874-1-0\"  class=\"panel-grid-cell\" ><div id=\"panel-13874-1-0-0\" class=\"so-panel widget widget_sow-editor panel-first-child extendedwopts-hide extendedwopts-desktop widgetopts-SO\" data-index=\"3\" ><div\n\t\t\t\n\t\t\tclass=\"so-widget-sow-editor so-widget-sow-editor-base\"\n\t\t\t\n\t\t>\n<div class=\"siteorigin-widget-tinymce textwidget\">\n\t<p><\/a><\/h3>\n<\/div>\n<\/div><\/div><div id=\"panel-13874-1-0-1\" class=\"so-panel widget widget_sow-editor panel-last-child extendedwopts-hide extendedwopts-desktop widgetopts-SO\" data-index=\"4\" ><div\n\t\t\t\n\t\t\tclass=\"so-widget-sow-editor so-widget-sow-editor-base\"\n\t\t\t\n\t\t>\n<div class=\"siteorigin-widget-tinymce textwidget\">\n\t<div style=\"display: flex; justify-content: space-between; align-items: center; width: 100%;\">\n<p><!-- Flechas <<<alineadas completamente a la izquierda --><\/alineadas><\/p>\n<div style=\"flex: 1; text-align: left;\"><a style=\"text-decoration: none;\" href=\"https:\/\/www.peregrino.online\/fr\/chemins-de-saint-jacques\/route-de-largent\/3-castilblanco-almaden-de-la-plata\/\">&lt;&lt;&lt; 3<\/a><\/div>\n<p><!-- Palabra ETAPA centrada con un enlace --><\/p>\n<div style=\"flex: 1; text-align: center;\"><a style=\"text-decoration: none;\" href=\"https:\/\/www.peregrino.online\/via-de-la-plata\/\"><\/a><\/div>\n<p><!-- Flechas>>> alineadas completamente a la derecha --><\/p>\n<div style=\"flex: 1; text-align: right;\"><a style=\"text-decoration: none;\" href=\"https:\/\/www.peregrino.online\/fr\/chemins-de-saint-jacques\/route-de-largent\/5-el-real-de-la-jara-monesterio\/\">5 &gt;&gt;&gt;<\/a><\/div>\n<\/div>\n<p>&nbsp;<\/p>\n<\/div>\n<\/div><\/div><\/div><\/div><div id=\"pg-13874-2\"  class=\"panel-grid panel-no-style\" ><div id=\"pgc-13874-2-0\"  class=\"panel-grid-cell\" ><div id=\"panel-13874-2-0-0\" class=\"so-panel widget widget_sow-editor panel-first-child widgetopts-SO\" data-index=\"5\" ><div\n\t\t\t\n\t\t\tclass=\"so-widget-sow-editor so-widget-sow-editor-base\"\n\t\t\t\n\t\t>\n<div class=\"siteorigin-widget-tinymce textwidget\">\n\t<h2 class=\"etapa-heading\">4.Almaden\u2013El Real de la Jara<\/h2>\n<\/div>\n<\/div><\/div><div id=\"panel-13874-2-0-1\" class=\"so-panel widget widget_sow-editor panel-last-child widgetopts-SO\" data-index=\"6\" ><div\n\t\t\t\n\t\t\tclass=\"so-widget-sow-editor so-widget-sow-editor-base\"\n\t\t\t\n\t\t>\n<div class=\"siteorigin-widget-tinymce textwidget\">\n\t<p><iframe loading=\"lazy\" src=\"https:\/\/www.google.com\/maps\/d\/embed?mid=1uN_8uwMJ2eBsvr_3Y-_-FuO_puo&amp;ll\" width=\"1000\" height=\"480\"><\/iframe><\/p>\n<\/div>\n<\/div><\/div><\/div><\/div><div id=\"pg-13874-3\"  class=\"panel-grid panel-no-style\" ><div id=\"pgc-13874-3-0\"  class=\"panel-grid-cell\" ><div id=\"panel-13874-3-0-0\" class=\"so-panel widget widget_sow-editor panel-first-child widgetopts-SO\" data-index=\"7\" ><div\n\t\t\t\n\t\t\tclass=\"so-widget-sow-editor so-widget-sow-editor-base\"\n\t\t\t\n\t\t>\n<div class=\"siteorigin-widget-tinymce textwidget\">\n\t<h3 style=\"text-align: center;\"><strong>Auberges de l'\u00e9tape<\/strong><\/h3>\n<\/div>\n<\/div><\/div><div id=\"panel-13874-3-0-1\" class=\"widget_text so-panel widget widget_custom_html panel-last-child widgetopts-SO\" data-index=\"8\" ><div class=\"textwidget custom-html-widget\"><div class=\"custom-button-style\"><div class=\"listing-item\"><a class=\"title\" href=\"https:\/\/www.peregrino.online\/fr\/route-de-largent\/alojamientos\/albergue-municipal-la-casa-del-cura-el-real\/\">El Real<br>Final<br>Auberge municipal La Casa del Cura<\/a><\/div><div class=\"listing-item\"><a class=\"title\" href=\"https:\/\/www.peregrino.online\/fr\/route-de-largent\/alojamientos\/alojamiento-molina-el-real-de-la-jara\/\">El Real de la Jara<br>Fin<br>Alojamiento Molina<\/a><\/div><div class=\"listing-item\"><a class=\"title\" href=\"https:\/\/www.peregrino.online\/fr\/route-de-largent\/alojamientos\/hostal-la-encina-el-real\/\">El Real<br>Fin<br>Hostal La Encina<\/a><\/div><div class=\"listing-item\"><a class=\"title\" href=\"https:\/\/www.peregrino.online\/fr\/route-de-largent\/alojamientos\/alojamientos-mari-carmen-el-real\/\">El Real<br>Fin<br>Alojamientos Mari Carmen<\/a><\/div><\/div>\n<\/div><\/div><\/div><div id=\"pgc-13874-3-1\"  class=\"panel-grid-cell\" ><div id=\"panel-13874-3-1-0\" class=\"so-panel widget widget_sow-editor panel-first-child widgetopts-SO\" data-index=\"9\" ><div\n\t\t\t\n\t\t\tclass=\"so-widget-sow-editor so-widget-sow-editor-base\"\n\t\t\t\n\t\t>\n<div class=\"siteorigin-widget-tinymce textwidget\">\n\t<h3 style=\"text-align: center;\">4.Almaden\u2013El Real de la Jara<\/h3>\n<p><img decoding=\"async\" class=\"aligncenter\" style=\"width: 400px; height: 193px;\" src=\"https:\/\/peregrino.online\/camino-de-santiago\/via-de-la-plata\/fotos\/Perfiles\/4perfilalmadenelrealdelajara.jpg\" alt=\"4.Almaden\u2013El Real de la Jara\" \/><\/p>\n<\/div>\n<\/div><\/div><div id=\"panel-13874-3-1-1\" class=\"so-panel widget widget_sow-editor widgetopts-SO\" data-index=\"10\" ><div\n\t\t\t\n\t\t\tclass=\"so-widget-sow-editor so-widget-sow-editor-base\"\n\t\t\t\n\t\t>\n<div class=\"siteorigin-widget-tinymce textwidget\">\n\t<p>                    <center><\/p>\n<h3 class=\"ui-bar ui-bar-a\">Description<\/h3>\n<p><\/center><\/p>\n<p><!--INICIO DESCRIPCION ETAPA--> <\/p>\n<p style=\"text-align: justify;\"><b>ATTENTION CYCLISTES<\/b> Si vous allez \u00e0 v\u00e9lo, il est recommand\u00e9 de prendre la route. Par la route, ce sont 15,6 km, soit 2,2 km de plus qu'\u00e0 pied. L'autre option est de continuer sur le chemin jusqu'au kilom\u00e8tre 2,8 et ensuite prendre la route (voir la carte).<\/p>\n<p style=\"text-align: justify;\">Nous sortons d\u2019Almaden de la Plata par le Plaza de Toros et descendons sur un chemin de terre (poto 1 km 0,7). A 1,5 km apr\u00e8s \u00eatre sortis de l\u2019auberge nous voyons une barri\u00e8re sur notre gauche, qu\u2019il faudra franchir. Assurez vous bien de franchir cette barri\u00e8re afin de ne pas vous perdre.<\/p>\n<p style=\"text-align: justify;\">Nous entrons dans une Finca poss\u00e9dant des chevaux et cherchons la barri\u00e8re de sortie, se trouvant sur la gauche d\u2019un groupe de maisons. Nous retrouverons ce type de barri\u00e8re tout au long de l\u2019\u00e9tape. A peine franchie cette seconde barri\u00e8re, nous trouvons une c\u00f4te courte mais tr\u00e8s prononc\u00e9e. Cependant, les prochains kilom\u00e8tres, jusqu\u2019au km 7, sont principalement en descente alternant seulement quelques petites mont\u00e9es. Le chemin suit un sentier entour\u00e9 de ch\u00eanes (fotos 2 y 3).<\/p>\n<p style=\"text-align: justify;\">Cette relative facilit\u00e9 prend fin au km 7,0, o\u00f9 commence une mont\u00e9e d\u20191,7 km, comptant 137 m\u00e8tres de d\u00e9nivell\u00e9 positif et nous rapellant quelque peu la mont\u00e9e du Calvario de l\u2019\u00e9tape ant\u00e9rieure (foto 4 km 8,2). Depuis le sommet nous attend une descente tr\u00e8s raide de 700 m\u00e8tres. Au km 9,4 nous poursuivrons sur un large chemin de terre (photo 5 km 10,3) qui nous m\u00e8nera directement \u00e0 El Real de la Jara (foto 6 km 13,1). <\/p>\n<\/div>\n<\/div><\/div><div id=\"panel-13874-3-1-2\" class=\"so-panel widget widget_sow-editor widgetopts-SO\" data-index=\"11\" ><div\n\t\t\t\n\t\t\tclass=\"so-widget-sow-editor so-widget-sow-editor-base\"\n\t\t\t\n\t\t>\n<div class=\"siteorigin-widget-tinymce textwidget\">\n\t<h3 style=\"text-align: center;\">Photos<\/h3>\n<\/div>\n<\/div><\/div><div id=\"panel-13874-3-1-3\" class=\"so-panel widget widget_sow-editor panel-last-child widgetopts-SO\" data-index=\"12\" ><div\n\t\t\t\n\t\t\tclass=\"so-widget-sow-editor so-widget-sow-editor-base\"\n\t\t\t\n\t\t>\n<div class=\"siteorigin-widget-tinymce textwidget\">\n\t<p>\t\t<center><img decoding=\"async\" src=\"https:\/\/peregrino.online\/camino-de-santiago\/via-de-la-plata\/fotos\/4\/small\/almadenelreal2km%200,7.jpg\"\/><\/center><br \/>\n        <center><\/p>\n<h5 class=\"ui-bar ui-bar-a\">1 km 0,7 <\/h5>\n<p><\/center><br \/>\n        <center><img decoding=\"async\" src=\"https:\/\/peregrino.online\/camino-de-santiago\/via-de-la-plata\/fotos\/4\/small\/almadenelreal3km%202,8.jpg\"\/> <\/center><br \/>\n        <center><\/p>\n<h5 class=\"ui-bar ui-bar-a\">2 km 2,8<\/h5>\n<p><\/center><br \/>\n        <center><img decoding=\"async\" src=\"https:\/\/peregrino.online\/camino-de-santiago\/via-de-la-plata\/fotos\/4\/small\/almadenelreal4km%205,0.jpg\"\/>\u00a0<\/center><br \/>\n        <center><\/p>\n<h5 class=\"ui-bar ui-bar-a\">3 km 5,0<\/h5>\n<p><\/center><br \/>\n        <center><img decoding=\"async\" src=\"https:\/\/peregrino.online\/camino-de-santiago\/via-de-la-plata\/fotos\/4\/small\/almadenelreal5km%208,2.jpg\"\/><\/center><br \/>\n\t\t<center><\/p>\n<h5 class=\"ui-bar ui-bar-a\">4 km 8,2<\/h5>\n<p><\/center><br \/>\n        <center><img decoding=\"async\" src=\"https:\/\/peregrino.online\/camino-de-santiago\/via-de-la-plata\/fotos\/4\/small\/almadenelreal6km%2010,3.jpg\"\/> <\/center><br \/>\n        <center><\/p>\n<h5 class=\"ui-bar ui-bar-a\">5 km 10,3<\/h5>\n<p><\/center><br \/>\n        <center><img decoding=\"async\" src=\"https:\/\/peregrino.online\/camino-de-santiago\/via-de-la-plata\/fotos\/4\/small\/almadenelreal7km%2013,1.jpg\"\/>\u00a0<\/center><br \/>\n        <center><\/p>\n<h5 class=\"ui-bar ui-bar-a\">6 km 13,1<\/h5>\n<p><\/center><\/p>\n<\/div>\n<\/div><\/div><\/div><\/div><\/div>","protected":false},"excerpt":{"rendered":"<p>&lt;&lt;&lt; 3.Castilblanco-Almaden de la Plata Voie de l&rsquo;Argent 5.El Real de la Jara-Monesterio &gt;&gt;&gt; &lt;&lt;&lt; 3 5 &gt;&gt;&gt; &nbsp;<\/p>\n","protected":false},"author":1,"featured_media":0,"comment_status":"closed","ping_status":"closed","sticky":false,"template":"","format":"standard","meta":{"footnotes":""},"categories":[46],"tags":[],"class_list":["post-13874","post","type-post","status-publish","format-standard","hentry","category-route-de-largent"],"_links":{"self":[{"href":"https:\/\/www.peregrino.online\/fr\/wp-json\/wp\/v2\/posts\/13874","targetHints":{"allow":["GET"]}}],"collection":[{"href":"https:\/\/www.peregrino.online\/fr\/wp-json\/wp\/v2\/posts"}],"about":[{"href":"https:\/\/www.peregrino.online\/fr\/wp-json\/wp\/v2\/types\/post"}],"author":[{"embeddable":true,"href":"https:\/\/www.peregrino.online\/fr\/wp-json\/wp\/v2\/users\/1"}],"replies":[{"embeddable":true,"href":"https:\/\/www.peregrino.online\/fr\/wp-json\/wp\/v2\/comments?post=13874"}],"version-history":[{"count":0,"href":"https:\/\/www.peregrino.online\/fr\/wp-json\/wp\/v2\/posts\/13874\/revisions"}],"wp:attachment":[{"href":"https:\/\/www.peregrino.online\/fr\/wp-json\/wp\/v2\/media?parent=13874"}],"wp:term":[{"taxonomy":"category","embeddable":true,"href":"https:\/\/www.peregrino.online\/fr\/wp-json\/wp\/v2\/categories?post=13874"},{"taxonomy":"post_tag","embeddable":true,"href":"https:\/\/www.peregrino.online\/fr\/wp-json\/wp\/v2\/tags?post=13874"}],"curies":[{"name":"wp","href":"https:\/\/api.w.org\/{rel}","templated":true}]}}