{"id":45249,"date":"2026-08-31T09:03:01","date_gmt":"2026-08-31T09:03:01","guid":{"rendered":"https:\/\/www.peregrino.online\/?p=45249"},"modified":"2026-08-31T11:04:51","modified_gmt":"2026-08-31T11:04:51","slug":"3-vilanova-de-arousa-pontecesures-boot","status":"publish","type":"post","link":"https:\/\/www.peregrino.online\/de\/portugiesische-jakobsweg-zentral-kuste\/etapas\/spirituelle-3-vilanova-de-arousa-pontecesures-boot\/","title":{"rendered":"3.Vilanova de Arousa-Pontecesures BOOT"},"content":{"rendered":"<div id=\"pl-45249\"  class=\"panel-layout\" ><div id=\"pg-45249-0\"  class=\"panel-grid panel-no-style\" ><div id=\"pgc-45249-0-0\"  class=\"panel-grid-cell\" ><div id=\"panel-45249-0-0-0\" class=\"so-panel widget widget_sow-editor panel-first-child panel-last-child widgetopts-SO\" data-index=\"0\" ><div\n\t\t\t\n\t\t\tclass=\"so-widget-sow-editor so-widget-sow-editor-base\"\n\t\t\t\n\t\t>\n<div class=\"siteorigin-widget-tinymce textwidget\">\n\t<p><a href=\"https:\/\/www.peregrino.online\/de\/portugiesische-jakobsweg-zentral-kuste\/etapas\/spirituelle-2-armenteira-vilanova-de-arousa\/\">&lt;&lt;&lt; 2.Armenteira-Vilanova de Arousa<\/a><\/p>\n<\/div>\n<\/div><\/div><\/div><div id=\"pgc-45249-0-1\"  class=\"panel-grid-cell\" ><div id=\"panel-45249-0-1-0\" class=\"so-panel widget widget_sow-editor panel-first-child panel-last-child widgetopts-SO\" data-index=\"1\" ><div\n\t\t\t\n\t\t\tclass=\"so-widget-sow-editor so-widget-sow-editor-base\"\n\t\t\t\n\t\t>\n<div class=\"siteorigin-widget-tinymce textwidget\">\n\t<h3 style=\"text-align: center;\"><a href=\"https:\/\/www.peregrino.online\/de\/camino-portugues-central-costa\/\">Portugiesischer Jakobsweg<\/a><\/h3>\n<\/div>\n<\/div><\/div><\/div><div id=\"pgc-45249-0-2\"  class=\"panel-grid-cell\" ><div id=\"panel-45249-0-2-0\" class=\"so-panel widget widget_sow-editor panel-first-child panel-last-child widgetopts-SO\" data-index=\"2\" ><div\n\t\t\t\n\t\t\tclass=\"so-widget-sow-editor so-widget-sow-editor-base\"\n\t\t\t\n\t\t>\n<div class=\"siteorigin-widget-tinymce textwidget\">\n\t<p style=\"text-align: right;\"><a href=\"https:\/\/www.peregrino.online\/de\/portugiesische-jakobsweg-zentral-kuste\/etapas\/10-caldas-de-reis-padron\/\">10.Caldas de Reis-Padron &gt;&gt;&gt;<\/a><\/p>\n<\/div>\n<\/div><\/div><\/div><\/div><div id=\"pg-45249-1\"  class=\"panel-grid panel-no-style\" ><div id=\"pgc-45249-1-0\"  class=\"panel-grid-cell\" ><div id=\"panel-45249-1-0-0\" class=\"so-panel widget widget_sow-editor panel-first-child\" data-index=\"3\" ><div\n\t\t\t\n\t\t\tclass=\"so-widget-sow-editor so-widget-sow-editor-base\"\n\t\t\t\n\t\t>\n<div class=\"siteorigin-widget-tinymce textwidget\">\n\t<h3 style=\"text-align: center;\"><a href=\"https:\/\/www.peregrino.online\/app-para-android-y-iphone\/\"><\/a><\/h3>\n<\/div>\n<\/div><\/div><div id=\"panel-45249-1-0-1\" class=\"so-panel widget widget_sow-editor panel-last-child widgetopts-SO\" data-index=\"4\" ><div\n\t\t\t\n\t\t\tclass=\"so-widget-sow-editor so-widget-sow-editor-base\"\n\t\t\t\n\t\t>\n<div class=\"siteorigin-widget-tinymce textwidget\">\n\t<div style=\"display: flex; justify-content: space-between; align-items: center; width: 100%;\">\n<div style=\"flex: 1; text-align: left;\"><a style=\"text-decoration: none;\" href=\"https:\/\/www.peregrino.online\/de\/portugiesische-jakobsweg-zentral-kuste\/etapas\/spirituelle-2-armenteira-vilanova-de-arousa\/\">&lt;&lt;&lt;2.<\/a><\/div>\n<div style=\"flex: 1; text-align: center;\"><a style=\"text-decoration: none;\" href=\"https:\/\/www.peregrino.online\/de\/camino-portugues-central-costa\/\">Portugiesischer Jakobsweg<\/a><\/div>\n<div style=\"flex: 1; text-align: right;\"><a style=\"text-decoration: none;\" href=\"https:\/\/www.peregrino.online\/de\/portugiesische-jakobsweg-zentral-kuste\/etapas\/10-caldas-de-reis-padron\/\">10.&gt;&gt;&gt;<\/a><\/div>\n<\/div>\n<p>&nbsp;<\/p>\n<\/div>\n<\/div><\/div><\/div><\/div><div id=\"pg-45249-2\"  class=\"panel-grid panel-no-style\" ><div id=\"pgc-45249-2-0\"  class=\"panel-grid-cell\" ><div id=\"panel-45249-2-0-0\" class=\"so-panel widget widget_sow-editor panel-first-child widgetopts-SO\" data-index=\"5\" ><div\n\t\t\t\n\t\t\tclass=\"so-widget-sow-editor so-widget-sow-editor-base\"\n\t\t\t\n\t\t>\n<div class=\"siteorigin-widget-tinymce textwidget\">\n\t<h2 class=\"etapa-heading\">Spirituelle Variante<\/h2>\n<h2 class=\"etapa-heading\">3.Vilanova de Arousa-Pontecesures<br \/>BOOT<\/h2>\n<\/div>\n<\/div><\/div><div id=\"panel-45249-2-0-1\" class=\"so-panel widget widget_sow-editor panel-last-child\" data-index=\"6\" ><div\n\t\t\t\n\t\t\tclass=\"so-widget-sow-editor so-widget-sow-editor-base\"\n\t\t\t\n\t\t>\n<div class=\"siteorigin-widget-tinymce textwidget\">\n\t<p>\t<iframe loading=\"lazy\" src=\"https:\/\/www.google.com\/maps\/d\/embed?mid=1izHMy6ncTSyEH0Yi0lulw4kUG0TuE78\" width=\"1000\" height=\"480\"><\/iframe><\/p>\n<\/div>\n<\/div><\/div><\/div><\/div><div id=\"pg-45249-3\"  class=\"panel-grid panel-no-style\" ><div id=\"pgc-45249-3-0\"  class=\"panel-grid-cell\" ><div id=\"panel-45249-3-0-0\" class=\"so-panel widget widget_sow-editor panel-first-child\" data-index=\"7\" ><div\n\t\t\t\n\t\t\tclass=\"so-widget-sow-editor so-widget-sow-editor-base\"\n\t\t\t\n\t\t>\n<div class=\"siteorigin-widget-tinymce textwidget\">\n\t<h3 style=\"text-align: center;\"><strong>Herberges Etapa<\/strong><\/h3>\n<\/div>\n<\/div><\/div><div id=\"panel-45249-3-0-1\" class=\"widget_text so-panel widget widget_custom_html panel-last-child widgetopts-SO\" data-index=\"8\" ><div class=\"textwidget custom-html-widget\">\n<\/div><\/div><\/div><div id=\"pgc-45249-3-1\"  class=\"panel-grid-cell\" ><div id=\"panel-45249-3-1-0\" class=\"so-panel widget widget_sow-editor panel-first-child\" data-index=\"9\" ><div\n\t\t\t\n\t\t\tclass=\"so-widget-sow-editor so-widget-sow-editor-base\"\n\t\t\t\n\t\t>\n<div class=\"siteorigin-widget-tinymce textwidget\">\n\t<h3 style=\"text-align: center;\">3.Vilanova de Arousa-Pontecesures BARCO<\/h3>\n<p><img decoding=\"async\" class=\"aligncenter\" style=\"width: 600px; height: 245px;\" src=\"https:\/\/peregrino.online\/camino-de-santiago\/espiritual\/fotos\/inicio\/perfil3barco.jpg\" alt=\"3.Vilanova de Arousa-Pontecesures BARCO\"><\/p>\n<\/div>\n<\/div><\/div><div id=\"panel-45249-3-1-1\" class=\"so-panel widget widget_sow-editor widgetopts-SO\" data-index=\"10\" ><div\n\t\t\t\n\t\t\tclass=\"so-widget-sow-editor so-widget-sow-editor-base\"\n\t\t\t\n\t\t>\n<div class=\"siteorigin-widget-tinymce textwidget\">\n\t<p style=\"text-align: justify;\">Die Traslatio ist die See- und Flussetappe der Spirituellen Variante. Sie beginnt am F\u00e4hrterminal von Vilanova de Arousa, \u00fcberquert die R\u00eda und f\u00fchrt den Fluss Ulla hinauf bis Pontecesures. Von dort gehen die Pilger zu Fu\u00df weiter bis zum etwa 2 km entfernten Padr\u00f3n.<\/p>\n<p style=\"text-align: justify;\"><b>Dauer: <\/b>zwischen 1 Stunde 15 Minuten und 1 Stunde 30 Minuten.<\/p>\n<p style=\"text-align: justify;\"><b>Route: <\/b>w\u00e4hrend der Fahrt sind die Muschelfl\u00f6\u00dfe, die Inseln Cortegada, Malveiras und Bri\u00f1as, die Torres de Oeste in Catoira sowie die Steinkreuze zu sehen, die den See- und Flusskreuzweg der R\u00eda de Arousa und des Flusses Ulla bilden.<\/p>\n<h2 class=\"etapa-heading\">La Barca del Peregrino<\/h2>\n<p style=\"text-align: justify;\"><b>Preis: <\/b>30 \u20ac pro Person.<\/p>\n<p style=\"text-align: justify;\"><b>Dauer: <\/b>etwa 1 Stunde 20 Minuten.<\/p>\n<p style=\"text-align: justify;\"><b>Fahrzeiten: <\/b>\u00e4ndern sich t\u00e4glich entsprechend den Gezeiten. Bitte den Buchungskalender pr\u00fcfen.<\/p>\n<p style=\"text-align: justify;\"><b>Enthalten: <\/b>Erl\u00e4uterungen zur Route, hei\u00dfer Tee und kostenloser Transport von Haustieren.<\/p>\n<p style=\"text-align: justify;\"><b>Telefon und WhatsApp: <\/b><a href=\"tel:+34607911523\">607 911 523<\/a><\/p>\n<p style=\"text-align: justify;\"><b>B\u00fcro: <\/b>R\u00faa O Cabo, 17, gegen\u00fcber dem F\u00e4hrterminal von Vilanova de Arousa.<\/p>\n<div>\n    <a href=\"https:\/\/www.labarcadelperegrino.com\/\" class=\"ui-btn ui-corner-all ui-shadow\">Bei La Barca del Peregrino buchen<\/a>\n<\/div>\n<h2 class=\"etapa-heading\">Amare Turismo N\u00e1utico<\/h2>\n<p style=\"text-align: justify;\"><b>Preis: <\/b>32 \u20ac pro Person. Optionale R\u00fcckfahrt nach Vilanova f\u00fcr zus\u00e4tzlich 10 \u20ac.<\/p>\n<p style=\"text-align: justify;\"><b>Dauer: <\/b>etwa 1 Stunde 15 Minuten.<\/p>\n<p style=\"text-align: justify;\"><b>Fahrzeiten: <\/b>Abfahrten morgens oder mittags, abh\u00e4ngig von den Gezeiten. Bitte den Kalender f\u00fcr das jeweilige Datum pr\u00fcfen.<\/p>\n<p style=\"text-align: justify;\"><b>Enthalten: <\/b>Reiseleitung, Regenmantel und Transport des Pilgerrucksacks.<\/p>\n<p style=\"text-align: justify;\"><b>Telefon: <\/b><a href=\"tel:+34650410322\">650 410 322<\/a><\/p>\n<p style=\"text-align: justify;\"><b>Abfahrt: <\/b>F\u00e4hrterminal Mar de Santiago, Vilanova de Arousa.<\/p>\n<div>\n    <a href=\"https:\/\/www.amareturismonautico.com\/tour\/traslatio-ruta-xacobea-en-barco-variante-espiritual\/\" class=\"ui-btn ui-corner-all ui-shadow\">Bei Amare buchen<\/a>\n<\/div>\n<h2 class=\"etapa-heading\">Cruceros do Ulla<\/h2>\n<p style=\"text-align: justify;\"><b>Preis: <\/b>30 \u20ac pro Erwachsenem, 15 \u20ac f\u00fcr Kinder von 3 bis 12 Jahren und kostenlos f\u00fcr Kinder unter 3 Jahren.<\/p>\n<p style=\"text-align: justify;\"><b>Dauer: <\/b>etwa 1 Stunde 30 Minuten.<\/p>\n<p style=\"text-align: justify;\"><b>Fahrzeiten: <\/b>es gibt keine festen Fahrzeiten, da die Abfahrten von den Gezeiten und der Bildung von Gruppen abh\u00e4ngen.<\/p>\n<p style=\"text-align: justify;\"><b>Enthalten: <\/b>gef\u00fchrte Fahrt durch die R\u00eda de Arousa und auf dem Fluss Ulla, Erl\u00e4uterungen zu den wichtigsten Sehensw\u00fcrdigkeiten und ein Imbiss an Bord.<\/p>\n<p style=\"text-align: justify;\"><b>Telefon: <\/b><a href=\"tel:+34986731818\">986 731 818<\/a><\/p>\n<p style=\"text-align: justify;\"><b>Buchungen: <\/b>Verf\u00fcgbarkeit im Kalender pr\u00fcfen oder telefonisch Kontakt aufnehmen.<\/p>\n<div>\n    <a href=\"https:\/\/www.crucerosdoulla.com\/en\/ruta-xacobea-albatross\/\" class=\"ui-btn ui-corner-all ui-shadow\">Bei Cruceros do Ulla buchen<\/a>\n<\/div>\n<h2 class=\"etapa-heading\">Rutas Juan Allo<\/h2>\n<p style=\"text-align: justify;\"><b>Preis: <\/b>bei der Buchung erfragen.<\/p>\n<p style=\"text-align: justify;\"><b>Dauer: <\/b>etwa 1 Stunde 30 Minuten.<\/p>\n<p style=\"text-align: justify;\"><b>Fahrzeiten: <\/b>h\u00e4ngen von den Gezeiten, dem gew\u00e4hlten Datum und dem Zustandekommen einer Mindestgruppe ab.<\/p>\n<p style=\"text-align: justify;\"><b>Enthalten: <\/b>Fahrt von Vilanova de Arousa nach Pontecesures auf der See- und Flussroute der Traslatio.<\/p>\n<p style=\"text-align: justify;\"><b>Telefon: <\/b><a href=\"tel:+34672659484\">672 659 484<\/a><\/p>\n<p style=\"text-align: justify;\"><b>Buchungen: <\/b>Datum und Verf\u00fcgbarkeit m\u00fcssen vor der Zahlung telefonisch best\u00e4tigt werden.<\/p>\n<div>\n    <a href=\"https:\/\/rutasjuanallo.es\/reservas\/\" class=\"ui-btn ui-corner-all ui-shadow\">Bei Rutas Juan Allo buchen<\/a>\n<\/div>\n<h2 class=\"etapa-heading\">Illa Tours<\/h2>\n<p style=\"text-align: justify;\"><b>Preis: <\/b>32 \u20ac pro Person.<\/p>\n<p style=\"text-align: justify;\"><b>Dauer: <\/b>etwa 1 Stunde 30 Minuten.<\/p>\n<p style=\"text-align: justify;\"><b>Fahrzeiten: <\/b>voraussichtliche Abfahrten um 8:00 und 11:00 Uhr, abh\u00e4ngig von den Gezeiten.<\/p>\n<p style=\"text-align: justify;\"><b>Gruppen: <\/b>5 bis 9 Passagiere. Wird die Mindestzahl nicht erreicht, muss die Verf\u00fcgbarkeit erfragt werden.<\/p>\n<p style=\"text-align: justify;\"><b>Enthalten: <\/b>Fahrt in einer kleinen Gruppe von Vilanova de Arousa nach Pontecesures durch die R\u00eda de Arousa und auf dem Fluss Ulla.<\/p>\n<p style=\"text-align: justify;\"><b>Telefon: <\/b><a href=\"tel:+34621404584\">621 404 584<\/a><\/p>\n<p style=\"text-align: justify;\"><b>Abfahrt: <\/b>F\u00e4hrterminal von Vilanova de Arousa.<\/p>\n<div>\n    <a href=\"https:\/\/www.illatours-peregrina.com\/\" class=\"ui-btn ui-corner-all ui-shadow\">Bei Illa Tours buchen<\/a>\n<\/div>\n<p>                  <center><\/p>\n<h3 class=\"ui-bar ui-bar-a\">Praktische Informationen<\/h3>\n<p><\/center><\/p>\n<p style=\"text-align: justify;\"><b>Fahrzeiten: <\/b>\u00e4ndern sich t\u00e4glich entsprechend den Gezeiten und k\u00f6nnen auch wegen der Wetterbedingungen oder zu geringer Passagierzahlen angepasst werden. Die Fahrzeit f\u00fcr das gew\u00e4hlte Datum muss unbedingt gepr\u00fcft werden.<\/p>\n<p style=\"text-align: justify;\"><b>Buchungen: <\/b>eine Buchung mehrere Tage im Voraus wird empfohlen. Bitte 10 bis 15 Minuten vor der Abfahrt am F\u00e4hrterminal eintreffen.<\/p>\n<p style=\"text-align: justify;\"><b>Gep\u00e4ck: <\/b>Rucks\u00e4cke d\u00fcrfen mit an Bord genommen werden. Fahrr\u00e4der, Haustiere oder Sondergep\u00e4ck m\u00fcssen bei der Buchung angegeben werden.<\/p>\n<p style=\"text-align: justify;\"><b>Empfehlungen: <\/b>auch im Sommer eine Jacke oder Windjacke sowie Sonnenschutz mitnehmen.<\/p>\n<p style=\"text-align: justify;\"><b>Im Ticket enthalten: <\/b>die Fahrt von Vilanova de Arousa nach Pontecesures und je nach Anbieter gef\u00fchrte Erl\u00e4uterungen, das Abstempeln des Pilgerausweises und weitere Leistungen. Nicht enthalten sind der anschlie\u00dfende Fu\u00dfweg nach Padr\u00f3n oder die Weiterfahrt nach Santiago.<\/p>\n<\/div>\n<\/div><\/div><div id=\"panel-45249-3-1-2\" class=\"so-panel widget widget_sow-editor\" data-index=\"11\" ><div\n\t\t\t\n\t\t\tclass=\"so-widget-sow-editor so-widget-sow-editor-base\"\n\t\t\t\n\t\t>\n<div class=\"siteorigin-widget-tinymce textwidget\">\n\t<h3 style=\"text-align: center;\">Fotos<\/h3>\n<\/div>\n<\/div><\/div><div id=\"panel-45249-3-1-3\" class=\"so-panel widget widget_sow-editor panel-last-child\" data-index=\"12\" ><div\n\t\t\t\n\t\t\tclass=\"so-widget-sow-editor so-widget-sow-editor-base\"\n\t\t\t\n\t\t>\n<div class=\"siteorigin-widget-tinymce textwidget\">\n\t<p>\t    <center><img decoding=\"async\" src=\"https:\/\/peregrino.online\/camino-de-santiago\/espiritual\/fotos\/3\/salida1.jpg\"><\/center><br \/>\n    <center><\/p>\n<h5 class=\"ui-bar ui-bar-a\">Salida<\/h5>\n<p><\/center><br \/>\n    <center><img decoding=\"async\" src=\"https:\/\/peregrino.online\/camino-de-santiago\/espiritual\/fotos\/3\/salida2.jpg\"><\/center><br \/>\n    <center><\/p>\n<h5 class=\"ui-bar ui-bar-a\">Salida<\/h5>\n<p><\/center><br \/>\n    <center><img decoding=\"async\" src=\"https:\/\/peregrino.online\/camino-de-santiago\/espiritual\/fotos\/3\/salida3.jpg\"><\/center><br \/>\n    <center><\/p>\n<h5 class=\"ui-bar ui-bar-a\">Salida<\/h5>\n<p><\/center><br \/>\n    <center><img decoding=\"async\" src=\"https:\/\/peregrino.online\/camino-de-santiago\/espiritual\/fotos\/3\/salida4.jpg\"><\/center><br \/>\n    <center><\/p>\n<h5 class=\"ui-bar ui-bar-a\">Salida<\/h5>\n<p><\/center><br \/>\n    <center><img decoding=\"async\" src=\"https:\/\/peregrino.online\/camino-de-santiago\/espiritual\/fotos\/3\/salida5.jpg\"><\/center><br \/>\n    <center><\/p>\n<h5 class=\"ui-bar ui-bar-a\">Salida<\/h5>\n<p><\/center><br \/>\n    <center><img decoding=\"async\" src=\"https:\/\/peregrino.online\/camino-de-santiago\/espiritual\/fotos\/3\/salida6.jpg\"><\/center><br \/>\n    <center><\/p>\n<h5 class=\"ui-bar ui-bar-a\">Salida<\/h5>\n<p><\/center><br \/>\n    <center><img decoding=\"async\" src=\"https:\/\/peregrino.online\/camino-de-santiago\/espiritual\/fotos\/3\/salida7.jpg\"><\/center><br \/>\n    <center><\/p>\n<h5 class=\"ui-bar ui-bar-a\">Salida<\/h5>\n<p><\/center><br \/>\n    <center><img decoding=\"async\" src=\"https:\/\/peregrino.online\/camino-de-santiago\/espiritual\/fotos\/3\/salida8.jpg\"><\/center><br \/>\n    <center><\/p>\n<h5 class=\"ui-bar ui-bar-a\">Salida<\/h5>\n<p><\/center><br \/>\n    <center><img decoding=\"async\" src=\"https:\/\/peregrino.online\/camino-de-santiago\/espiritual\/fotos\/3\/salida9.jpg\"><\/center><br \/>\n    <center><\/p>\n<h5 class=\"ui-bar ui-bar-a\">Salida<\/h5>\n<p><\/center><\/p>\n<p>    <center><img decoding=\"async\" src=\"https:\/\/peregrino.online\/camino-de-santiago\/espiritual\/fotos\/3\/llegada1.jpg\"><\/center><br \/>\n    <center><\/p>\n<h5 class=\"ui-bar ui-bar-a\">Llegada<\/h5>\n<p><\/center><br \/>\n    <center><img decoding=\"async\" src=\"https:\/\/peregrino.online\/camino-de-santiago\/espiritual\/fotos\/3\/llegada2.jpg\"><\/center><br \/>\n    <center><\/p>\n<h5 class=\"ui-bar ui-bar-a\">Llegada<\/h5>\n<p><\/center><br \/>\n    <center><img decoding=\"async\" src=\"https:\/\/peregrino.online\/camino-de-santiago\/espiritual\/fotos\/3\/llegada3.jpg\"><\/center><br \/>\n    <center><\/p>\n<h5 class=\"ui-bar ui-bar-a\">Llegada<\/h5>\n<p><\/center><\/p>\n<\/div>\n<\/div><\/div><\/div><\/div><\/div>","protected":false},"excerpt":{"rendered":"<p>&lt;&lt;&lt; 2.Armenteira-Vilanova de Arousa Portugiesischer Jakobsweg 10.Caldas de Reis-Padron &gt;&gt;&gt; &lt;&lt;&lt;2. Portugiesischer Jakobsweg 10.&gt;&gt;&gt; &nbsp;<\/p>\n","protected":false},"author":1,"featured_media":0,"comment_status":"closed","ping_status":"closed","sticky":false,"template":"","format":"standard","meta":{"footnotes":""},"categories":[1022],"tags":[],"class_list":["post-45249","post","type-post","status-publish","format-standard","hentry","category-espiritual"],"_links":{"self":[{"href":"https:\/\/www.peregrino.online\/de\/wp-json\/wp\/v2\/posts\/45249","targetHints":{"allow":["GET"]}}],"collection":[{"href":"https:\/\/www.peregrino.online\/de\/wp-json\/wp\/v2\/posts"}],"about":[{"href":"https:\/\/www.peregrino.online\/de\/wp-json\/wp\/v2\/types\/post"}],"author":[{"embeddable":true,"href":"https:\/\/www.peregrino.online\/de\/wp-json\/wp\/v2\/users\/1"}],"replies":[{"embeddable":true,"href":"https:\/\/www.peregrino.online\/de\/wp-json\/wp\/v2\/comments?post=45249"}],"version-history":[{"count":3,"href":"https:\/\/www.peregrino.online\/de\/wp-json\/wp\/v2\/posts\/45249\/revisions"}],"predecessor-version":[{"id":45319,"href":"https:\/\/www.peregrino.online\/de\/wp-json\/wp\/v2\/posts\/45249\/revisions\/45319"}],"wp:attachment":[{"href":"https:\/\/www.peregrino.online\/de\/wp-json\/wp\/v2\/media?parent=45249"}],"wp:term":[{"taxonomy":"category","embeddable":true,"href":"https:\/\/www.peregrino.online\/de\/wp-json\/wp\/v2\/categories?post=45249"},{"taxonomy":"post_tag","embeddable":true,"href":"https:\/\/www.peregrino.online\/de\/wp-json\/wp\/v2\/tags?post=45249"}],"curies":[{"name":"wp","href":"https:\/\/api.w.org\/{rel}","templated":true}]}}