{"id":45209,"date":"2026-08-31T06:50:16","date_gmt":"2026-08-31T06:50:16","guid":{"rendered":"https:\/\/www.peregrino.online\/?p=45209"},"modified":"2026-08-31T11:04:26","modified_gmt":"2026-08-31T11:04:26","slug":"2-armenteira-vilanova-de-arousa-2","status":"publish","type":"post","link":"https:\/\/www.peregrino.online\/de\/portugiesische-jakobsweg-zentral-kuste\/etapas\/spirituelle-3-vilanova-de-arousa-pontecesures\/","title":{"rendered":"3.Vilanova de Arousa-Pontecesures"},"content":{"rendered":"<div id=\"pl-45209\"  class=\"panel-layout\" ><div id=\"pg-45209-0\"  class=\"panel-grid panel-no-style\" ><div id=\"pgc-45209-0-0\"  class=\"panel-grid-cell\" ><div id=\"panel-45209-0-0-0\" class=\"so-panel widget widget_sow-editor panel-first-child panel-last-child widgetopts-SO\" data-index=\"0\" ><div\n\t\t\t\n\t\t\tclass=\"so-widget-sow-editor so-widget-sow-editor-base\"\n\t\t\t\n\t\t>\n<div class=\"siteorigin-widget-tinymce textwidget\">\n\t<p><a href=\"https:\/\/www.peregrino.online\/de\/portugiesische-jakobsweg-zentral-kuste\/etapas\/spirituelle-2-armenteira-vilanova-de-arousa\/\">&lt;&lt;&lt; 2.Armenteira-Vilanova de Arousa<\/a><\/p>\n<\/div>\n<\/div><\/div><\/div><div id=\"pgc-45209-0-1\"  class=\"panel-grid-cell\" ><div id=\"panel-45209-0-1-0\" class=\"so-panel widget widget_sow-editor panel-first-child panel-last-child widgetopts-SO\" data-index=\"1\" ><div\n\t\t\t\n\t\t\tclass=\"so-widget-sow-editor so-widget-sow-editor-base\"\n\t\t\t\n\t\t>\n<div class=\"siteorigin-widget-tinymce textwidget\">\n\t<h3 style=\"text-align: center;\"><a href=\"https:\/\/www.peregrino.online\/de\/camino-portugues-central-costa\/\">Portugiesischer Jakobsweg<\/a><\/h3>\n<\/div>\n<\/div><\/div><\/div><div id=\"pgc-45209-0-2\"  class=\"panel-grid-cell\" ><div id=\"panel-45209-0-2-0\" class=\"so-panel widget widget_sow-editor panel-first-child panel-last-child widgetopts-SO\" data-index=\"2\" ><div\n\t\t\t\n\t\t\tclass=\"so-widget-sow-editor so-widget-sow-editor-base\"\n\t\t\t\n\t\t>\n<div class=\"siteorigin-widget-tinymce textwidget\">\n\t<p style=\"text-align: right;\"><a href=\"https:\/\/www.peregrino.online\/de\/portugiesische-jakobsweg-zentral-kuste\/etapas\/10-caldas-de-reis-padron\/\">10.Caldas de Reis-Padron &gt;&gt;&gt;<\/a><\/p>\n<\/div>\n<\/div><\/div><\/div><\/div><div id=\"pg-45209-1\"  class=\"panel-grid panel-no-style\" ><div id=\"pgc-45209-1-0\"  class=\"panel-grid-cell\" ><div id=\"panel-45209-1-0-0\" class=\"so-panel widget widget_sow-editor panel-first-child\" data-index=\"3\" ><div\n\t\t\t\n\t\t\tclass=\"so-widget-sow-editor so-widget-sow-editor-base\"\n\t\t\t\n\t\t>\n<div class=\"siteorigin-widget-tinymce textwidget\">\n\t<h3 style=\"text-align: center;\"><a href=\"https:\/\/www.peregrino.online\/app-para-android-y-iphone\/\"><\/a><\/h3>\n<\/div>\n<\/div><\/div><div id=\"panel-45209-1-0-1\" class=\"so-panel widget widget_sow-editor panel-last-child widgetopts-SO\" data-index=\"4\" ><div\n\t\t\t\n\t\t\tclass=\"so-widget-sow-editor so-widget-sow-editor-base\"\n\t\t\t\n\t\t>\n<div class=\"siteorigin-widget-tinymce textwidget\">\n\t<div style=\"display: flex; justify-content: space-between; align-items: center; width: 100%;\">\n<div style=\"flex: 1; text-align: left;\"><a style=\"text-decoration: none;\" href=\"https:\/\/www.peregrino.online\/de\/portugiesische-jakobsweg-zentral-kuste\/etapas\/spirituelle-2-armenteira-vilanova-de-arousa\/\">&lt;&lt;&lt;2.<\/a><\/div>\n<div style=\"flex: 1; text-align: center;\"><a style=\"text-decoration: none;\" href=\"https:\/\/www.peregrino.online\/de\/camino-portugues-central-costa\/\">Portugiesischer Jakobsweg<\/a><\/div>\n<div style=\"flex: 1; text-align: right;\"><a style=\"text-decoration: none;\" href=\"https:\/\/www.peregrino.online\/de\/portugiesische-jakobsweg-zentral-kuste\/etapas\/10-caldas-de-reis-padron\/\">10.&gt;&gt;&gt;<\/a><\/div>\n<\/div>\n<p>&nbsp;<\/p>\n<\/div>\n<\/div><\/div><\/div><\/div><div id=\"pg-45209-2\"  class=\"panel-grid panel-no-style\" ><div id=\"pgc-45209-2-0\"  class=\"panel-grid-cell\" ><div id=\"panel-45209-2-0-0\" class=\"so-panel widget widget_sow-editor panel-first-child widgetopts-SO\" data-index=\"5\" ><div\n\t\t\t\n\t\t\tclass=\"so-widget-sow-editor so-widget-sow-editor-base\"\n\t\t\t\n\t\t>\n<div class=\"siteorigin-widget-tinymce textwidget\">\n\t<h2 class=\"etapa-heading\">Spirituelle Variante<\/h2>\n<h2 class=\"etapa-heading\">3.Vilanova de Arousa-Pontecesures<\/h2>\n<\/div>\n<\/div><\/div><div id=\"panel-45209-2-0-1\" class=\"so-panel widget widget_sow-editor panel-last-child\" data-index=\"6\" ><div\n\t\t\t\n\t\t\tclass=\"so-widget-sow-editor so-widget-sow-editor-base\"\n\t\t\t\n\t\t>\n<div class=\"siteorigin-widget-tinymce textwidget\">\n\t<p>\t<iframe loading=\"lazy\" src=\"https:\/\/www.google.com\/maps\/d\/embed?mid=1izHMy6ncTSyEH0Yi0lulw4kUG0TuE78\" width=\"1000\" height=\"480\"><\/iframe><\/p>\n<\/div>\n<\/div><\/div><\/div><\/div><div id=\"pg-45209-3\"  class=\"panel-grid panel-no-style\" ><div id=\"pgc-45209-3-0\"  class=\"panel-grid-cell\" ><div id=\"panel-45209-3-0-0\" class=\"so-panel widget widget_sow-editor panel-first-child\" data-index=\"7\" ><div\n\t\t\t\n\t\t\tclass=\"so-widget-sow-editor so-widget-sow-editor-base\"\n\t\t\t\n\t\t>\n<div class=\"siteorigin-widget-tinymce textwidget\">\n\t<h3 style=\"text-align: center;\"><strong>Herberges Etapa<\/strong><\/h3>\n<\/div>\n<\/div><\/div><div id=\"panel-45209-3-0-1\" class=\"widget_text so-panel widget widget_custom_html panel-last-child widgetopts-SO\" data-index=\"8\" ><div class=\"textwidget custom-html-widget\">\n<\/div><\/div><\/div><div id=\"pgc-45209-3-1\"  class=\"panel-grid-cell\" ><div id=\"panel-45209-3-1-0\" class=\"so-panel widget widget_sow-editor panel-first-child\" data-index=\"9\" ><div\n\t\t\t\n\t\t\tclass=\"so-widget-sow-editor so-widget-sow-editor-base\"\n\t\t\t\n\t\t>\n<div class=\"siteorigin-widget-tinymce textwidget\">\n\t<h3 style=\"text-align: center;\">3.Vilanova de Arousa-Pontecesures<\/h3>\n<p><img decoding=\"async\" class=\"aligncenter\" style=\"width: 600px; height: 245px;\" src=\"https:\/\/peregrino.online\/camino-de-santiago\/espiritual\/fotos\/inicio\/perfil3.png\" alt=\"3.Vilanova de Arousa-Pontecesures\"><\/p>\n<\/div>\n<\/div><\/div><div id=\"panel-45209-3-1-1\" class=\"so-panel widget widget_sow-editor widgetopts-SO\" data-index=\"10\" ><div\n\t\t\t\n\t\t\tclass=\"so-widget-sow-editor so-widget-sow-editor-base\"\n\t\t\t\n\t\t>\n<div class=\"siteorigin-widget-tinymce textwidget\">\n\t<p>                  <center><\/p>\n<h3 class=\"ui-bar ui-bar-a\">Streckenabschnitte<\/h3>\n<p><\/center><\/p>\n<p><!--ANFANG STRECKENABSCHNITTE--> <\/p>\n<p style=\"text-align: justify;\">(1)Vilanova de Arousa-(2)Vilaxo\u00e1n: 0-6,1 km<\/p>\n<p style=\"text-align: justify;\">(2)Vilaxo\u00e1n-(3)Vilagarc\u00eda de Arousa: 6,1-9,2 km (3,1 km)<\/p>\n<p style=\"text-align: justify;\">(3)Vilagarc\u00eda de Arousa-(4)Carril: 9,2-12,5 km (3,3 km)<\/p>\n<p style=\"text-align: justify;\">(4)Carril-(5)Catoira: 12,5-19,8 km (7,3 km)<\/p>\n<p style=\"text-align: justify;\">(5)Catoira-(6)Pontecesures: 19,8-32,6 km (12,8 km)<\/p>\n<p><!--ENDE STRECKENABSCHNITTE-->  <\/p>\n<p>                  <center><\/p>\n<h3 class=\"ui-bar ui-bar-a\">Beschreibung<\/h3>\n<p><\/center><\/p>\n<p><!--ANFANG ETAPPENBESCHREIBUNG--> <\/p>\n<p style=\"text-align: justify;\">Diese Alternative erm\u00f6glicht es, die dritte Etappe der Spirituellen Variante auf dem Landweg zur\u00fcckzulegen, gr\u00f6\u00dftenteils entlang der R\u00eda de Arousa und des Flusses Ulla. Es ist ein langer Tag mit wenig H\u00f6henunterschied, der jedoch wegen der Entfernung, des Asphalts und einiger eint\u00f6niger Abschnitte neben Stra\u00dfen und Bahnstrecken anspruchsvoll ist.<\/p>\n<p style=\"text-align: justify;\">Vom F\u00e4hrterminal in Vilanova f\u00fchrt der Weg an den Str\u00e4nden von As Sinas vorbei und entlang der K\u00fcste weiter nach Vilaxo\u00e1n und Vilagarc\u00eda de Arousa. Anschlie\u00dfend verl\u00e4uft er \u00fcber die Promenade am Strand von Compostela und erreicht Carril, das f\u00fcr seine Muschelzucht und den Blick auf die Insel Cortegada bekannt ist.<\/p>\n<p style=\"text-align: justify;\">Ab Carril entfernt sich die Route teilweise von der K\u00fcste und wechselt zwischen Nebenstra\u00dfen, D\u00f6rfern und Abschnitten des alten Camino Real. Einige Wege k\u00f6nnen feucht oder schlecht gepflegt sein; beim \u00dcberqueren der Stra\u00dfe PO-548 ist Vorsicht geboten.<\/p>\n<p style=\"text-align: justify;\">In Catoira beginnt einer der interessantesten Abschnitte der Etappe. Ein Uferweg f\u00fchrt zu den Torres de Oeste, einer alten Verteidigungsfestung, die den Zugang nach Santiago vor Angriffen der Wikinger sch\u00fctzen sollte. Der Weg f\u00fchrt \u00fcber Stege durch die Marschlandschaft und anschlie\u00dfend durch W\u00e4lder und kleine D\u00f6rfer der Gemeinde Valga.<\/p>\n<p style=\"text-align: justify;\">Ein gro\u00dfer Teil der letzten Kilometer verl\u00e4uft neben der Bahnstrecke bis nach Pontecesures. Hier trifft die Spirituelle Variante auf den Zentralen Portugiesischen Jakobsweg. Nach der \u00dcberquerung der Br\u00fccke \u00fcber den Fluss Ulla sind es nur noch etwas mehr als zwei Kilometer bis Padr\u00f3n, wo die Etappe neben der Kirche Santiago und der Promenade Espol\u00f3n endet<\/p>\n<p style=\"text-align: center;\"><strong>Empfehlungen<\/strong><\/p>\n<p style=\"text-align: justify;\">Auf den letzten 20 km gibt es nahezu keine Unterk\u00fcnfte. Dies sollte bei der Planung der Etappe ber\u00fccksichtigt werden. Weitere Informationen finden Sie in den Unterkunftseintr\u00e4gen<\/p>\n<p style=\"text-align: justify;\">\n<p><!--ENDE ETAPPENBESCHREIBUNG--><\/p>\n<\/div>\n<\/div><\/div><div id=\"panel-45209-3-1-2\" class=\"so-panel widget widget_sow-editor\" data-index=\"11\" ><div\n\t\t\t\n\t\t\tclass=\"so-widget-sow-editor so-widget-sow-editor-base\"\n\t\t\t\n\t\t>\n<div class=\"siteorigin-widget-tinymce textwidget\">\n\t<h3 style=\"text-align: center;\">Fotos<\/h3>\n<\/div>\n<\/div><\/div><div id=\"panel-45209-3-1-3\" class=\"so-panel widget widget_sow-editor panel-last-child\" data-index=\"12\" ><div\n\t\t\t\n\t\t\tclass=\"so-widget-sow-editor so-widget-sow-editor-base\"\n\t\t\t\n\t\t>\n<div class=\"siteorigin-widget-tinymce textwidget\">\n\t<p>\t    <center><img decoding=\"async\" src=\"https:\/\/peregrino.online\/camino-de-santiago\/espiritual\/fotos\/3\/1Km0,2.jpg\"><\/center><br \/>\n    <center><\/p>\n<h5 class=\"ui-bar ui-bar-a\">1 Km0,2<\/h5>\n<p><\/center><\/p>\n<p>    <center><img decoding=\"async\" src=\"https:\/\/peregrino.online\/camino-de-santiago\/espiritual\/fotos\/3\/2Km0,8.jpg\"><\/center><br \/>\n    <center><\/p>\n<h5 class=\"ui-bar ui-bar-a\">2 Km0,8<\/h5>\n<p><\/center><\/p>\n<p>    <center><img decoding=\"async\" src=\"https:\/\/peregrino.online\/camino-de-santiago\/espiritual\/fotos\/3\/3Km2,1.jpg\"><\/center><br \/>\n    <center><\/p>\n<h5 class=\"ui-bar ui-bar-a\">3 Km2,1<\/h5>\n<p><\/center><\/p>\n<p>    <center><img decoding=\"async\" src=\"https:\/\/peregrino.online\/camino-de-santiago\/espiritual\/fotos\/3\/4Km3,2.jpg\"><\/center><br \/>\n    <center><\/p>\n<h5 class=\"ui-bar ui-bar-a\">4 Km3,2<\/h5>\n<p><\/center><\/p>\n<p>    <center><img decoding=\"async\" src=\"https:\/\/peregrino.online\/camino-de-santiago\/espiritual\/fotos\/3\/5Km4,0.jpg\"><\/center><br \/>\n    <center><\/p>\n<h5 class=\"ui-bar ui-bar-a\">5 Km4,0<\/h5>\n<p><\/center><\/p>\n<p>    <center><img decoding=\"async\" src=\"https:\/\/peregrino.online\/camino-de-santiago\/espiritual\/fotos\/3\/6Km5,3.jpg\"><\/center><br \/>\n    <center><\/p>\n<h5 class=\"ui-bar ui-bar-a\">6 Km5,3<\/h5>\n<p><\/center><\/p>\n<p>    <center><img decoding=\"async\" src=\"https:\/\/peregrino.online\/camino-de-santiago\/espiritual\/fotos\/3\/7Km6,4.jpg\"><\/center><br \/>\n    <center><\/p>\n<h5 class=\"ui-bar ui-bar-a\">7 Km6,4<\/h5>\n<p><\/center><\/p>\n<p>    <center><img decoding=\"async\" src=\"https:\/\/peregrino.online\/camino-de-santiago\/espiritual\/fotos\/3\/8Km7,4.jpg\"><\/center><br \/>\n    <center><\/p>\n<h5 class=\"ui-bar ui-bar-a\">8 Km7,4<\/h5>\n<p><\/center><\/p>\n<p>    <center><img decoding=\"async\" src=\"https:\/\/peregrino.online\/camino-de-santiago\/espiritual\/fotos\/3\/9Km9,9.jpg\"><\/center><br \/>\n    <center><\/p>\n<h5 class=\"ui-bar ui-bar-a\">9 Km9,9<\/h5>\n<p><\/center><\/p>\n<p>    <center><img decoding=\"async\" src=\"https:\/\/peregrino.online\/camino-de-santiago\/espiritual\/fotos\/3\/10Km11,4.jpg\"><\/center><br \/>\n    <center><\/p>\n<h5 class=\"ui-bar ui-bar-a\">10 Km11,4<\/h5>\n<p><\/center><\/p>\n<p>    <center><img decoding=\"async\" src=\"https:\/\/peregrino.online\/camino-de-santiago\/espiritual\/fotos\/3\/11Km12,9.jpg\"><\/center><br \/>\n    <center><\/p>\n<h5 class=\"ui-bar ui-bar-a\">11 Km12,9<\/h5>\n<p><\/center><\/p>\n<p>    <center><img decoding=\"async\" src=\"https:\/\/peregrino.online\/camino-de-santiago\/espiritual\/fotos\/3\/12Km13,7.jpg\"><\/center><br \/>\n    <center><\/p>\n<h5 class=\"ui-bar ui-bar-a\">12 Km13,7<\/h5>\n<p><\/center><\/p>\n<p>    <center><img decoding=\"async\" src=\"https:\/\/peregrino.online\/camino-de-santiago\/espiritual\/fotos\/3\/13Km14,1.jpg\"><\/center><br \/>\n    <center><\/p>\n<h5 class=\"ui-bar ui-bar-a\">13 Km14,1<\/h5>\n<p><\/center><\/p>\n<p>    <center><img decoding=\"async\" src=\"https:\/\/peregrino.online\/camino-de-santiago\/espiritual\/fotos\/3\/14Km14,5.jpg\"><\/center><br \/>\n    <center><\/p>\n<h5 class=\"ui-bar ui-bar-a\">14 Km14,5<\/h5>\n<p><\/center><\/p>\n<p>    <center><img decoding=\"async\" src=\"https:\/\/peregrino.online\/camino-de-santiago\/espiritual\/fotos\/3\/15Km15,3.jpg\"><\/center><br \/>\n    <center><\/p>\n<h5 class=\"ui-bar ui-bar-a\">15 Km15,3<\/h5>\n<p><\/center><\/p>\n<p>    <center><img decoding=\"async\" src=\"https:\/\/peregrino.online\/camino-de-santiago\/espiritual\/fotos\/3\/16Km16,7.jpg\"><\/center><br \/>\n    <center><\/p>\n<h5 class=\"ui-bar ui-bar-a\">16 Km16,7<\/h5>\n<p><\/center><\/p>\n<p>    <center><img decoding=\"async\" src=\"https:\/\/peregrino.online\/camino-de-santiago\/espiritual\/fotos\/3\/17Km17,5.jpg\"><\/center><br \/>\n    <center><\/p>\n<h5 class=\"ui-bar ui-bar-a\">17 Km17,5<\/h5>\n<p><\/center><\/p>\n<p>    <center><img decoding=\"async\" src=\"https:\/\/peregrino.online\/camino-de-santiago\/espiritual\/fotos\/3\/18Km17,7.jpg\"><\/center><br \/>\n    <center><\/p>\n<h5 class=\"ui-bar ui-bar-a\">18 Km17,7<\/h5>\n<p><\/center><\/p>\n<p>    <center><img decoding=\"async\" src=\"https:\/\/peregrino.online\/camino-de-santiago\/espiritual\/fotos\/3\/19Km18,3.jpg\"><\/center><br \/>\n    <center><\/p>\n<h5 class=\"ui-bar ui-bar-a\">19 Km18,3<\/h5>\n<p><\/center><\/p>\n<p>    <center><img decoding=\"async\" src=\"https:\/\/peregrino.online\/camino-de-santiago\/espiritual\/fotos\/3\/20Km19,2.jpg\"><\/center><br \/>\n    <center><\/p>\n<h5 class=\"ui-bar ui-bar-a\">20 Km19,2<\/h5>\n<p><\/center><\/p>\n<p>    <center><img decoding=\"async\" src=\"https:\/\/peregrino.online\/camino-de-santiago\/espiritual\/fotos\/3\/21Km19,9.jpg\"><\/center><br \/>\n    <center><\/p>\n<h5 class=\"ui-bar ui-bar-a\">21 Km19,9<\/h5>\n<p><\/center><\/p>\n<p>    <center><img decoding=\"async\" src=\"https:\/\/peregrino.online\/camino-de-santiago\/espiritual\/fotos\/3\/22Km20,1.jpg\"><\/center><br \/>\n    <center><\/p>\n<h5 class=\"ui-bar ui-bar-a\">22 Km20,1<\/h5>\n<p><\/center><\/p>\n<p>    <center><img decoding=\"async\" src=\"https:\/\/peregrino.online\/camino-de-santiago\/espiritual\/fotos\/3\/23Km21,6.jpg\"><\/center><br \/>\n    <center><\/p>\n<h5 class=\"ui-bar ui-bar-a\">23 Km21,6<\/h5>\n<p><\/center><\/p>\n<p>    <center><img decoding=\"async\" src=\"https:\/\/peregrino.online\/camino-de-santiago\/espiritual\/fotos\/3\/24Km25,1.jpg\"><\/center><br \/>\n    <center><\/p>\n<h5 class=\"ui-bar ui-bar-a\">24 Km25,1<\/h5>\n<p><\/center><\/p>\n<p>    <center><img decoding=\"async\" src=\"https:\/\/peregrino.online\/camino-de-santiago\/espiritual\/fotos\/3\/25Km25,3.jpg\"><\/center><br \/>\n    <center><\/p>\n<h5 class=\"ui-bar ui-bar-a\">25 Km25,3<\/h5>\n<p><\/center><\/p>\n<p>    <center><img decoding=\"async\" src=\"https:\/\/peregrino.online\/camino-de-santiago\/espiritual\/fotos\/3\/26Km26,1.jpg\"><\/center><br \/>\n    <center><\/p>\n<h5 class=\"ui-bar ui-bar-a\">26 Km26,1<\/h5>\n<p><\/center><\/p>\n<p>    <center><img decoding=\"async\" src=\"https:\/\/peregrino.online\/camino-de-santiago\/espiritual\/fotos\/3\/27Km26,9.jpg\"><\/center><br \/>\n    <center><\/p>\n<h5 class=\"ui-bar ui-bar-a\">27 Km26,9<\/h5>\n<p><\/center><\/p>\n<p>    <center><img decoding=\"async\" src=\"https:\/\/peregrino.online\/camino-de-santiago\/espiritual\/fotos\/3\/28Km28,3.jpg\"><\/center><br \/>\n    <center><\/p>\n<h5 class=\"ui-bar ui-bar-a\">28 Km28,3<\/h5>\n<p><\/center><\/p>\n<p>    <center><img decoding=\"async\" src=\"https:\/\/peregrino.online\/camino-de-santiago\/espiritual\/fotos\/3\/29Km29,9.jpg\"><\/center><br \/>\n    <center><\/p>\n<h5 class=\"ui-bar ui-bar-a\">29 Km29,9<\/h5>\n<p><\/center><\/p>\n<p>    <center><img decoding=\"async\" src=\"https:\/\/peregrino.online\/camino-de-santiago\/espiritual\/fotos\/3\/30Km30,4.jpg\"><\/center><br \/>\n    <center><\/p>\n<h5 class=\"ui-bar ui-bar-a\">30 Km30,4<\/h5>\n<p><\/center><\/p>\n<p>    <center><img decoding=\"async\" src=\"https:\/\/peregrino.online\/camino-de-santiago\/espiritual\/fotos\/3\/31Km30,8.jpg\"><\/center><br \/>\n    <center><\/p>\n<h5 class=\"ui-bar ui-bar-a\">31 Km30,8<\/h5>\n<p><\/center><\/p>\n<p>    <center><img decoding=\"async\" src=\"https:\/\/peregrino.online\/camino-de-santiago\/espiritual\/fotos\/3\/32Km31,1.jpg\"><\/center><br \/>\n    <center><\/p>\n<h5 class=\"ui-bar ui-bar-a\">32 Km31,1<\/h5>\n<p><\/center><\/p>\n<p>    <center><img decoding=\"async\" src=\"https:\/\/peregrino.online\/camino-de-santiago\/espiritual\/fotos\/3\/33Km31,5.jpg\"><\/center><br \/>\n    <center><\/p>\n<h5 class=\"ui-bar ui-bar-a\">33 Km31,5<\/h5>\n<p><\/center><\/p>\n<p>    <center><img decoding=\"async\" src=\"https:\/\/peregrino.online\/camino-de-santiago\/espiritual\/fotos\/3\/34Km32,0.jpg\"><\/center><br \/>\n    <center><\/p>\n<h5 class=\"ui-bar ui-bar-a\">34 Km32,0<\/h5>\n<p><\/center><\/p>\n<p>    <center><img decoding=\"async\" src=\"https:\/\/peregrino.online\/camino-de-santiago\/espiritual\/fotos\/3\/35Km32,6.jpg\"><\/center><br \/>\n    <center><\/p>\n<h5 class=\"ui-bar ui-bar-a\">35 Km32,6<\/h5>\n<p><\/center><\/p>\n<\/div>\n<\/div><\/div><\/div><\/div><\/div>","protected":false},"excerpt":{"rendered":"<p>&lt;&lt;&lt; 2.Armenteira-Vilanova de Arousa Portugiesischer Jakobsweg 10.Caldas de Reis-Padron &gt;&gt;&gt; &lt;&lt;&lt;2. Portugiesischer Jakobsweg 10.&gt;&gt;&gt; &nbsp;<\/p>\n","protected":false},"author":1,"featured_media":0,"comment_status":"closed","ping_status":"closed","sticky":false,"template":"","format":"standard","meta":{"footnotes":""},"categories":[1022],"tags":[],"class_list":["post-45209","post","type-post","status-publish","format-standard","hentry","category-espiritual"],"_links":{"self":[{"href":"https:\/\/www.peregrino.online\/de\/wp-json\/wp\/v2\/posts\/45209","targetHints":{"allow":["GET"]}}],"collection":[{"href":"https:\/\/www.peregrino.online\/de\/wp-json\/wp\/v2\/posts"}],"about":[{"href":"https:\/\/www.peregrino.online\/de\/wp-json\/wp\/v2\/types\/post"}],"author":[{"embeddable":true,"href":"https:\/\/www.peregrino.online\/de\/wp-json\/wp\/v2\/users\/1"}],"replies":[{"embeddable":true,"href":"https:\/\/www.peregrino.online\/de\/wp-json\/wp\/v2\/comments?post=45209"}],"version-history":[{"count":4,"href":"https:\/\/www.peregrino.online\/de\/wp-json\/wp\/v2\/posts\/45209\/revisions"}],"predecessor-version":[{"id":45318,"href":"https:\/\/www.peregrino.online\/de\/wp-json\/wp\/v2\/posts\/45209\/revisions\/45318"}],"wp:attachment":[{"href":"https:\/\/www.peregrino.online\/de\/wp-json\/wp\/v2\/media?parent=45209"}],"wp:term":[{"taxonomy":"category","embeddable":true,"href":"https:\/\/www.peregrino.online\/de\/wp-json\/wp\/v2\/categories?post=45209"},{"taxonomy":"post_tag","embeddable":true,"href":"https:\/\/www.peregrino.online\/de\/wp-json\/wp\/v2\/tags?post=45209"}],"curies":[{"name":"wp","href":"https:\/\/api.w.org\/{rel}","templated":true}]}}