{"id":45065,"date":"2026-08-31T05:52:02","date_gmt":"2026-08-31T05:52:02","guid":{"rendered":"https:\/\/www.peregrino.online\/?p=45065"},"modified":"2026-08-31T11:04:02","modified_gmt":"2026-08-31T11:04:02","slug":"2-armenteira-vilanova-de-arousa","status":"publish","type":"post","link":"https:\/\/www.peregrino.online\/de\/portugiesische-jakobsweg-zentral-kuste\/etapas\/spirituelle-2-armenteira-vilanova-de-arousa\/","title":{"rendered":"2.Armenteira-Vilanova de Arousa"},"content":{"rendered":"<div id=\"pl-45065\"  class=\"panel-layout\" ><div id=\"pg-45065-0\"  class=\"panel-grid panel-no-style\" ><div id=\"pgc-45065-0-0\"  class=\"panel-grid-cell\" ><div id=\"panel-45065-0-0-0\" class=\"so-panel widget widget_sow-editor panel-first-child panel-last-child widgetopts-SO\" data-index=\"0\" ><div\n\t\t\t\n\t\t\tclass=\"so-widget-sow-editor so-widget-sow-editor-base\"\n\t\t\t\n\t\t>\n<div class=\"siteorigin-widget-tinymce textwidget\">\n\t<p><a href=\"https:\/\/www.peregrino.online\/de\/portugiesische-jakobsweg-zentral-kuste\/etapas\/spirituelle-1-pontevedra-armenteira\/\">&lt;&lt;&lt; 1.Pontevedra-Armenteira<\/a><\/p>\n<\/div>\n<\/div><\/div><\/div><div id=\"pgc-45065-0-1\"  class=\"panel-grid-cell\" ><div id=\"panel-45065-0-1-0\" class=\"so-panel widget widget_sow-editor panel-first-child panel-last-child widgetopts-SO\" data-index=\"1\" ><div\n\t\t\t\n\t\t\tclass=\"so-widget-sow-editor so-widget-sow-editor-base\"\n\t\t\t\n\t\t>\n<div class=\"siteorigin-widget-tinymce textwidget\">\n\t<h3 style=\"text-align: center;\"><a href=\"https:\/\/www.peregrino.online\/de\/camino-portugues-central-costa\/\">Portugiesischer Jakobsweg<\/a><\/h3>\n<\/div>\n<\/div><\/div><\/div><div id=\"pgc-45065-0-2\"  class=\"panel-grid-cell\" ><div id=\"panel-45065-0-2-0\" class=\"so-panel widget widget_sow-editor panel-first-child widgetopts-SO\" data-index=\"2\" ><div\n\t\t\t\n\t\t\tclass=\"so-widget-sow-editor so-widget-sow-editor-base\"\n\t\t\t\n\t\t>\n<div class=\"siteorigin-widget-tinymce textwidget\">\n\t<p style=\"text-align: right;\"><a href=\"https:\/\/www.peregrino.online\/de\/portugiesische-jakobsweg-zentral-kuste\/etapas\/spirituelle-3-vilanova-de-arousa-pontecesures\/\">3.Vilanova de Arousa-Pontecesures &gt;&gt;&gt;<\/a><\/p>\n<\/div>\n<\/div><\/div><div id=\"panel-45065-0-2-1\" class=\"so-panel widget widget_sow-editor panel-last-child widgetopts-SO\" data-index=\"3\" ><div\n\t\t\t\n\t\t\tclass=\"so-widget-sow-editor so-widget-sow-editor-base\"\n\t\t\t\n\t\t>\n<div class=\"siteorigin-widget-tinymce textwidget\">\n\t<p style=\"text-align: right;\"><a href=\"https:\/\/www.peregrino.online\/de\/portugiesische-jakobsweg-zentral-kuste\/etapas\/spirituelle-3-vilanova-de-arousa-pontecesures-boot\/\">3.Vilanova de Arousa-Pontecesures BOOT &gt;&gt;&gt;<\/a><\/p>\n<\/div>\n<\/div><\/div><\/div><\/div><div id=\"pg-45065-1\"  class=\"panel-grid panel-no-style\" ><div id=\"pgc-45065-1-0\"  class=\"panel-grid-cell\" ><div id=\"panel-45065-1-0-0\" class=\"so-panel widget widget_sow-editor panel-first-child\" data-index=\"4\" ><div\n\t\t\t\n\t\t\tclass=\"so-widget-sow-editor so-widget-sow-editor-base\"\n\t\t\t\n\t\t>\n<div class=\"siteorigin-widget-tinymce textwidget\">\n\t<h3 style=\"text-align: center;\"><a href=\"https:\/\/www.peregrino.online\/app-para-android-y-iphone\/\"><\/a><\/h3>\n<\/div>\n<\/div><\/div><div id=\"panel-45065-1-0-1\" class=\"so-panel widget widget_sow-editor panel-last-child widgetopts-SO\" data-index=\"5\" ><div\n\t\t\t\n\t\t\tclass=\"so-widget-sow-editor so-widget-sow-editor-base\"\n\t\t\t\n\t\t>\n<div class=\"siteorigin-widget-tinymce textwidget\">\n\t<div style=\"display: flex; justify-content: space-between; align-items: center; width: 100%;\">\n<div style=\"flex: 1; text-align: left;\"><a style=\"text-decoration: none;\" href=\"https:\/\/www.peregrino.online\/de\/portugiesische-jakobsweg-zentral-kuste\/etapas\/spirituelle-1-pontevedra-armenteira\/\">&lt;&lt;&lt;1.<\/a><\/div>\n<div style=\"flex: 1; text-align: center;\"><a style=\"text-decoration: none;\" href=\"https:\/\/www.peregrino.online\/de\/camino-portugues-central-costa\/\">Portugiesischer Jakobsweg<\/a><\/div>\n<div style=\"flex: 1; text-align: right;\"><a style=\"text-decoration: none;\" href=\"https:\/\/www.peregrino.online\/de\/portugiesische-jakobsweg-zentral-kuste\/etapas\/spirituelle-3-vilanova-de-arousa-pontecesures\/\">3.&gt;&gt;&gt;<\/a><br \/>\n<a style=\"text-decoration: none;\" href=\"https:\/\/www.peregrino.online\/de\/portugiesische-jakobsweg-zentral-kuste\/etapas\/spirituelle-3-vilanova-de-arousa-pontecesures-boot\/\">3.BOOT&gt;&gt;&gt;<\/a><\/div>\n<\/div>\n<p>&nbsp;<\/p>\n<\/div>\n<\/div><\/div><\/div><\/div><div id=\"pg-45065-2\"  class=\"panel-grid panel-no-style\" ><div id=\"pgc-45065-2-0\"  class=\"panel-grid-cell\" ><div id=\"panel-45065-2-0-0\" class=\"so-panel widget widget_sow-editor panel-first-child widgetopts-SO\" data-index=\"6\" ><div\n\t\t\t\n\t\t\tclass=\"so-widget-sow-editor so-widget-sow-editor-base\"\n\t\t\t\n\t\t>\n<div class=\"siteorigin-widget-tinymce textwidget\">\n\t<h2 class=\"etapa-heading\">Spirituelle Variante<\/h2>\n<h2 class=\"etapa-heading\">2.Armenteira-Vilanova de Arousa<\/h2>\n<\/div>\n<\/div><\/div><div id=\"panel-45065-2-0-1\" class=\"so-panel widget widget_sow-editor panel-last-child widgetopts-SO\" data-index=\"7\" ><div\n\t\t\t\n\t\t\tclass=\"so-widget-sow-editor so-widget-sow-editor-base\"\n\t\t\t\n\t\t>\n<div class=\"siteorigin-widget-tinymce textwidget\">\n\t<p><iframe loading=\"lazy\" src=\"https:\/\/www.google.com\/maps\/d\/embed?mid=11ZJKF7a5GZJGQgrbzWlX-hLdYDkSapE\" width=\"1000\" height=\"480\"><\/iframe><\/p>\n<\/div>\n<\/div><\/div><\/div><\/div><div id=\"pg-45065-3\"  class=\"panel-grid panel-no-style\" ><div id=\"pgc-45065-3-0\"  class=\"panel-grid-cell\" ><div id=\"panel-45065-3-0-0\" class=\"so-panel widget widget_sow-editor panel-first-child widgetopts-SO\" data-index=\"8\" ><div\n\t\t\t\n\t\t\tclass=\"so-widget-sow-editor so-widget-sow-editor-base\"\n\t\t\t\n\t\t>\n<div class=\"siteorigin-widget-tinymce textwidget\">\n\t<h3 style=\"text-align: center;\"><strong>Unterk\u00fcnfte der Etappe<\/strong><\/h3>\n<\/div>\n<\/div><\/div><div id=\"panel-45065-3-0-1\" class=\"widget_text so-panel widget widget_custom_html panel-last-child widgetopts-SO\" data-index=\"9\" ><div class=\"textwidget custom-html-widget\">\n<\/div><\/div><\/div><div id=\"pgc-45065-3-1\"  class=\"panel-grid-cell\" ><div id=\"panel-45065-3-1-0\" class=\"so-panel widget widget_sow-editor panel-first-child\" data-index=\"10\" ><div\n\t\t\t\n\t\t\tclass=\"so-widget-sow-editor so-widget-sow-editor-base\"\n\t\t\t\n\t\t>\n<div class=\"siteorigin-widget-tinymce textwidget\">\n\t<h3 style=\"text-align: center;\">2.Armenteira-Vilanova de Arousa<\/h3>\n<p><img decoding=\"async\" class=\"aligncenter\" style=\"width: 600px; height: 245px;\" src=\"https:\/\/peregrino.online\/camino-de-santiago\/espiritual\/fotos\/inicio\/perfil2.png\" alt=\"2.Armenteira-Vilanova de Arousa\"><\/p>\n<\/div>\n<\/div><\/div><div id=\"panel-45065-3-1-1\" class=\"so-panel widget widget_sow-editor widgetopts-SO\" data-index=\"11\" ><div\n\t\t\t\n\t\t\tclass=\"so-widget-sow-editor so-widget-sow-editor-base\"\n\t\t\t\n\t\t>\n<div class=\"siteorigin-widget-tinymce textwidget\">\n\t<p>                  <center><\/p>\n<h3 class=\"ui-bar ui-bar-a\">Streckenabschnitte<\/h3>\n<p><\/center><\/p>\n<p><!--ANFANG STRECKENABSCHNITTE--> <\/p>\n<p style=\"text-align: justify;\">(1)Armenteira-(2)Barrantes: 0-8,4 km<\/p>\n<p style=\"text-align: justify;\">(2)Barrantes-(3)Pontearnelas: 8,4-12,4 km (4,0 km)<\/p>\n<p style=\"text-align: justify;\">(3)Pontearnelas-(4)Vilanova de Arousa: 12,4-23,0 km (10,6 km)<\/p>\n<p><!--ENDE STRECKENABSCHNITTE-->  <\/p>\n<p>                  <center><\/p>\n<h3 class=\"ui-bar ui-bar-a\">Beschreibung<\/h3>\n<p><\/center><\/p>\n<p><!--ANFANG ETAPPENBESCHREIBUNG--> <\/p>\n<p style=\"text-align: justify;\">Die zweite Etappe der Spirituellen Variante f\u00fchrt vom Kloster A Armenteira hinunter zur R\u00eda de Arousa. Obwohl es ein langer Wandertag ist, ist das Streckenprofil g\u00fcnstig und weist abgesehen von einem m\u00e4\u00dfigen Anstieg nach Ponte Arnelas keine gr\u00f6\u00dferen Schwierigkeiten auf.<\/p>\n<p style=\"text-align: justify;\">Unmittelbar nach dem Start f\u00fchrt der Weg auf die Ruta da Pedra e da Auga, einen wundersch\u00f6nen Pfad entlang des Flusses Armenteira, vorbei an Wasserf\u00e4llen, Stegen, alten M\u00fchlen und \u00fcppigem Auwald. Die Felsen sind h\u00e4ufig feucht und k\u00f6nnen rutschig sein, daher ist Vorsicht geboten.<\/p>\n<p style=\"text-align: justify;\">Beim Verlassen des Waldes \u00f6ffnet sich die Landschaft zu den Albari\u00f1o-Weinbergen von O Saln\u00e9s. Die Route f\u00fchrt durch Barrantes und Cabanelas und folgt den Ufern der Fl\u00fcsse Armenteira und Umia bis nach Ponte Arnelas, einem guten Ort f\u00fcr eine Pause und zum Auff\u00fcllen der Vorr\u00e4te.<\/p>\n<p style=\"text-align: justify;\">Von hier steigt der Weg sanft durch Tremoedo an, vorbei an kleinen D\u00f6rfern, Steinkreuzen, Brunnen und weiteren Weinbergen. Nach \u00dcberschreiten des h\u00f6chsten Punktes beginnt der Abstieg zur R\u00eda de Arousa, die in der Ferne zwischen Kiefernw\u00e4ldern und Eukalyptusb\u00e4umen erscheint.<\/p>\n<p style=\"text-align: justify;\">Die letzten Kilometer verlaufen am Meer entlang, unter der Br\u00fccke zur Illa de Arousa und gegen\u00fcber den Str\u00e4nden von O Terr\u00f3n. Ein Fu\u00dfg\u00e4ngersteg f\u00fchrt schlie\u00dflich nach Vilanova de Arousa, wo sich der F\u00e4hrterminal befindet, von dem die Traslatio-Boote nach Pontecesures ablegen.<\/p>\n<p style=\"text-align: justify;\">Diese abwechslungsreiche und angenehme Etappe beginnt zwischen M\u00fchlen und Wasserf\u00e4llen, durchquert die Weinlandschaft von O Saln\u00e9s und endet am Meer.<\/p>\n<p style=\"text-align: center;\"><strong>Empfehlungen<\/strong><\/p>\n<p style=\"text-align: justify;\">F\u00fcr die Ruta da Pedra e da Auga werden Schuhe mit gutem Halt empfohlen. Wenn Sie die n\u00e4chste Etappe mit dem Boot zur\u00fccklegen m\u00f6chten, sollten Sie im Voraus buchen und die Abfahrtszeit best\u00e4tigen, da die Fahrten von den Gezeiten und den Wetterbedingungen abh\u00e4ngen.<\/p>\n<p><!--ENDE ETAPPENBESCHREIBUNG--><\/p>\n<\/div>\n<\/div><\/div><div id=\"panel-45065-3-1-2\" class=\"so-panel widget widget_sow-editor widgetopts-SO\" data-index=\"12\" ><div\n\t\t\t\n\t\t\tclass=\"so-widget-sow-editor so-widget-sow-editor-base\"\n\t\t\t\n\t\t>\n<div class=\"siteorigin-widget-tinymce textwidget\">\n\t<h3 style=\"text-align: center;\">Fotos<\/h3>\n<\/div>\n<\/div><\/div><div id=\"panel-45065-3-1-3\" class=\"so-panel widget widget_sow-editor panel-last-child\" data-index=\"13\" ><div\n\t\t\t\n\t\t\tclass=\"so-widget-sow-editor so-widget-sow-editor-base\"\n\t\t\t\n\t\t>\n<div class=\"siteorigin-widget-tinymce textwidget\">\n\t<p>\t\t    <center><img decoding=\"async\" src=\"https:\/\/peregrino.online\/camino-de-santiago\/espiritual\/fotos\/1\/1Km0,0.jpg\"><\/center><br \/>\n    <center><\/p>\n<h5 class=\"ui-bar ui-bar-a\">1 Km0,0<\/h5>\n<p><\/center><\/p>\n<p>    <center><img decoding=\"async\" src=\"https:\/\/peregrino.online\/camino-de-santiago\/espiritual\/fotos\/1\/2Km0,8.jpg\"><\/center><br \/>\n    <center><\/p>\n<h5 class=\"ui-bar ui-bar-a\">2 Km0,8<\/h5>\n<p><\/center><\/p>\n<p>    <center><img decoding=\"async\" src=\"https:\/\/peregrino.online\/camino-de-santiago\/espiritual\/fotos\/1\/3Km1,2.jpg\"><\/center><br \/>\n    <center><\/p>\n<h5 class=\"ui-bar ui-bar-a\">3 Km1,2<\/h5>\n<p><\/center><\/p>\n<p>    <center><img decoding=\"async\" src=\"https:\/\/peregrino.online\/camino-de-santiago\/espiritual\/fotos\/1\/4Km2,1.jpg\"><\/center><br \/>\n    <center><\/p>\n<h5 class=\"ui-bar ui-bar-a\">4 Km2,1<\/h5>\n<p><\/center><\/p>\n<p>    <center><img decoding=\"async\" src=\"https:\/\/peregrino.online\/camino-de-santiago\/espiritual\/fotos\/1\/5Km2,3.jpg\"><\/center><br \/>\n    <center><\/p>\n<h5 class=\"ui-bar ui-bar-a\">5 Km2,3<\/h5>\n<p><\/center><\/p>\n<p>    <center><img decoding=\"async\" src=\"https:\/\/peregrino.online\/camino-de-santiago\/espiritual\/fotos\/1\/6Km2,9.jpg\"><\/center><br \/>\n    <center><\/p>\n<h5 class=\"ui-bar ui-bar-a\">6 Km2,9<\/h5>\n<p><\/center><\/p>\n<p>    <center><img decoding=\"async\" src=\"https:\/\/peregrino.online\/camino-de-santiago\/espiritual\/fotos\/1\/7Km3,4.jpg\"><\/center><br \/>\n    <center><\/p>\n<h5 class=\"ui-bar ui-bar-a\">7 Km3,4<\/h5>\n<p><\/center><\/p>\n<p>    <center><img decoding=\"async\" src=\"https:\/\/peregrino.online\/camino-de-santiago\/espiritual\/fotos\/1\/8Km3,9.jpg\"><\/center><br \/>\n    <center><\/p>\n<h5 class=\"ui-bar ui-bar-a\">8 Km3,9<\/h5>\n<p><\/center><\/p>\n<p>    <center><img decoding=\"async\" src=\"https:\/\/peregrino.online\/camino-de-santiago\/espiritual\/fotos\/1\/9Km4,7.jpg\"><\/center><br \/>\n    <center><\/p>\n<h5 class=\"ui-bar ui-bar-a\">9 Km4,7<\/h5>\n<p><\/center><\/p>\n<p>    <center><img decoding=\"async\" src=\"https:\/\/peregrino.online\/camino-de-santiago\/espiritual\/fotos\/1\/10Km5,2.jpg\"><\/center><br \/>\n    <center><\/p>\n<h5 class=\"ui-bar ui-bar-a\">10 Km5,2<\/h5>\n<p><\/center><\/p>\n<p>    <center><img decoding=\"async\" src=\"https:\/\/peregrino.online\/camino-de-santiago\/espiritual\/fotos\/1\/11Km6,1.jpg\"><\/center><br \/>\n    <center><\/p>\n<h5 class=\"ui-bar ui-bar-a\">11 Km6,1<\/h5>\n<p><\/center><\/p>\n<p>    <center><img decoding=\"async\" src=\"https:\/\/peregrino.online\/camino-de-santiago\/espiritual\/fotos\/1\/12Km6,6.jpg\"><\/center><br \/>\n    <center><\/p>\n<h5 class=\"ui-bar ui-bar-a\">12 Km6,6<\/h5>\n<p><\/center><\/p>\n<p>    <center><img decoding=\"async\" src=\"https:\/\/peregrino.online\/camino-de-santiago\/espiritual\/fotos\/1\/13Km7,1.jpg\"><\/center><br \/>\n    <center><\/p>\n<h5 class=\"ui-bar ui-bar-a\">13 Km7,1<\/h5>\n<p><\/center><\/p>\n<p>    <center><img decoding=\"async\" src=\"https:\/\/peregrino.online\/camino-de-santiago\/espiritual\/fotos\/1\/14Km8,6.jpg\"><\/center><br \/>\n    <center><\/p>\n<h5 class=\"ui-bar ui-bar-a\">14 Km8,6<\/h5>\n<p><\/center><\/p>\n<p>    <center><img decoding=\"async\" src=\"https:\/\/peregrino.online\/camino-de-santiago\/espiritual\/fotos\/1\/15Km8,9.jpg\"><\/center><br \/>\n    <center><\/p>\n<h5 class=\"ui-bar ui-bar-a\">15 Km8,9<\/h5>\n<p><\/center><\/p>\n<p>    <center><img decoding=\"async\" src=\"https:\/\/peregrino.online\/camino-de-santiago\/espiritual\/fotos\/1\/16Km9,3.jpg\"><\/center><br \/>\n    <center><\/p>\n<h5 class=\"ui-bar ui-bar-a\">16 Km9,3<\/h5>\n<p><\/center><\/p>\n<p>    <center><img decoding=\"async\" src=\"https:\/\/peregrino.online\/camino-de-santiago\/espiritual\/fotos\/1\/17Km10,6.jpg\"><\/center><br \/>\n    <center><\/p>\n<h5 class=\"ui-bar ui-bar-a\">17 Km10,6<\/h5>\n<p><\/center><\/p>\n<p>    <center><img decoding=\"async\" src=\"https:\/\/peregrino.online\/camino-de-santiago\/espiritual\/fotos\/1\/18Km11,6.jpg\"><\/center><br \/>\n    <center><\/p>\n<h5 class=\"ui-bar ui-bar-a\">18 Km11,6<\/h5>\n<p><\/center><\/p>\n<p>    <center><img decoding=\"async\" src=\"https:\/\/peregrino.online\/camino-de-santiago\/espiritual\/fotos\/1\/19Km12,4.jpg\"><\/center><br \/>\n    <center><\/p>\n<h5 class=\"ui-bar ui-bar-a\">19 Km12,4<\/h5>\n<p><\/center><\/p>\n<p>    <center><img decoding=\"async\" src=\"https:\/\/peregrino.online\/camino-de-santiago\/espiritual\/fotos\/1\/20Km13,0.jpg\"><\/center><br \/>\n    <center><\/p>\n<h5 class=\"ui-bar ui-bar-a\">20 Km13,0<\/h5>\n<p><\/center><\/p>\n<p>    <center><img decoding=\"async\" src=\"https:\/\/peregrino.online\/camino-de-santiago\/espiritual\/fotos\/1\/21Km14,0.jpg\"><\/center><br \/>\n    <center><\/p>\n<h5 class=\"ui-bar ui-bar-a\">21 Km14,0<\/h5>\n<p><\/center><\/p>\n<p>    <center><img decoding=\"async\" src=\"https:\/\/peregrino.online\/camino-de-santiago\/espiritual\/fotos\/1\/22Km14,6.jpg\"><\/center><br \/>\n    <center><\/p>\n<h5 class=\"ui-bar ui-bar-a\">22 Km14,6<\/h5>\n<p><\/center><\/p>\n<p>    <center><img decoding=\"async\" src=\"https:\/\/peregrino.online\/camino-de-santiago\/espiritual\/fotos\/1\/23Km16,1.jpg\"><\/center><br \/>\n    <center><\/p>\n<h5 class=\"ui-bar ui-bar-a\">23 Km16,1<\/h5>\n<p><\/center><\/p>\n<p>    <center><img decoding=\"async\" src=\"https:\/\/peregrino.online\/camino-de-santiago\/espiritual\/fotos\/1\/24Km16,5.jpg\"><\/center><br \/>\n    <center><\/p>\n<h5 class=\"ui-bar ui-bar-a\">24 Km16,5<\/h5>\n<p><\/center><\/p>\n<\/div>\n<\/div><\/div><\/div><\/div><\/div>","protected":false},"excerpt":{"rendered":"<p>&lt;&lt;&lt; 1.Pontevedra-Armenteira Portugiesischer Jakobsweg 3.Vilanova de Arousa-Pontecesures &gt;&gt;&gt; 3.Vilanova de Arousa-Pontecesures BOOT &gt;&gt;&gt; &lt;&lt;&lt;1. Portugiesischer Jakobsweg 3.&gt;&gt;&gt; 3.BOOT&gt;&gt;&gt; &nbsp;<\/p>\n","protected":false},"author":1,"featured_media":0,"comment_status":"closed","ping_status":"closed","sticky":false,"template":"","format":"standard","meta":{"footnotes":""},"categories":[1022],"tags":[],"class_list":["post-45065","post","type-post","status-publish","format-standard","hentry","category-espiritual"],"_links":{"self":[{"href":"https:\/\/www.peregrino.online\/de\/wp-json\/wp\/v2\/posts\/45065","targetHints":{"allow":["GET"]}}],"collection":[{"href":"https:\/\/www.peregrino.online\/de\/wp-json\/wp\/v2\/posts"}],"about":[{"href":"https:\/\/www.peregrino.online\/de\/wp-json\/wp\/v2\/types\/post"}],"author":[{"embeddable":true,"href":"https:\/\/www.peregrino.online\/de\/wp-json\/wp\/v2\/users\/1"}],"replies":[{"embeddable":true,"href":"https:\/\/www.peregrino.online\/de\/wp-json\/wp\/v2\/comments?post=45065"}],"version-history":[{"count":7,"href":"https:\/\/www.peregrino.online\/de\/wp-json\/wp\/v2\/posts\/45065\/revisions"}],"predecessor-version":[{"id":45317,"href":"https:\/\/www.peregrino.online\/de\/wp-json\/wp\/v2\/posts\/45065\/revisions\/45317"}],"wp:attachment":[{"href":"https:\/\/www.peregrino.online\/de\/wp-json\/wp\/v2\/media?parent=45065"}],"wp:term":[{"taxonomy":"category","embeddable":true,"href":"https:\/\/www.peregrino.online\/de\/wp-json\/wp\/v2\/categories?post=45065"},{"taxonomy":"post_tag","embeddable":true,"href":"https:\/\/www.peregrino.online\/de\/wp-json\/wp\/v2\/tags?post=45065"}],"curies":[{"name":"wp","href":"https:\/\/api.w.org\/{rel}","templated":true}]}}