{"id":14244,"date":"2024-12-27T06:38:48","date_gmt":"2024-12-27T06:38:48","guid":{"rendered":"https:\/\/www.peregrino.online\/unkategorisiert\/20-banos-de-montemayor-calzada-de-bejar\/"},"modified":"2024-12-30T05:21:42","modified_gmt":"2024-12-30T05:21:42","slug":"20-banos-de-montemayor-calzada-de-bejar","status":"publish","type":"post","link":"https:\/\/www.peregrino.online\/de\/silberstrase\/etapas\/20-banos-de-montemayor-calzada-de-bejar\/","title":{"rendered":"20.Ba\u00f1os de Montemayor\u2013Calzada de Bejar"},"content":{"rendered":"<div id=\"pl-14244\"  class=\"panel-layout\" ><div id=\"pg-14244-0\"  class=\"panel-grid panel-no-style\" ><div id=\"pgc-14244-0-0\"  class=\"panel-grid-cell\" ><div id=\"panel-14244-0-0-0\" class=\"so-panel widget widget_sow-editor panel-first-child panel-last-child extendedwopts-hide extendedwopts-tablet extendedwopts-mobile widgetopts-SO\" data-index=\"0\" ><div\n\t\t\t\n\t\t\tclass=\"so-widget-sow-editor so-widget-sow-editor-base\"\n\t\t\t\n\t\t>\n<div class=\"siteorigin-widget-tinymce textwidget\">\n\t<p><a href=\"https:\/\/www.peregrino.online\/de\/jakobswege\/silberstrase\/19-aldeanueva-del-camino-banos-de-montemayor\/\">&lt;&lt;&lt; 19.Aldeanueva del Camino-Ba\u00f1os de Montemayor<\/a><\/p>\n<\/div>\n<\/div><\/div><\/div><div id=\"pgc-14244-0-1\"  class=\"panel-grid-cell\" ><div id=\"panel-14244-0-1-0\" class=\"so-panel widget widget_sow-editor panel-first-child panel-last-child extendedwopts-hide extendedwopts-tablet extendedwopts-mobile widgetopts-SO\" data-index=\"1\" ><div\n\t\t\t\n\t\t\tclass=\"so-widget-sow-editor so-widget-sow-editor-base\"\n\t\t\t\n\t\t>\n<div class=\"siteorigin-widget-tinymce textwidget\">\n\t<h3 style=\"text-align: center;\"><a href=\"https:\/\/www.peregrino.online\/de\/via-de-la-plata\/\">Via de la Plata<\/a><\/h3>\n<\/div>\n<\/div><\/div><\/div><div id=\"pgc-14244-0-2\"  class=\"panel-grid-cell\" ><div id=\"panel-14244-0-2-0\" class=\"so-panel widget widget_sow-editor panel-first-child panel-last-child extendedwopts-hide extendedwopts-tablet extendedwopts-mobile widgetopts-SO\" data-index=\"2\" ><div\n\t\t\t\n\t\t\tclass=\"so-widget-sow-editor so-widget-sow-editor-base\"\n\t\t\t\n\t\t>\n<div class=\"siteorigin-widget-tinymce textwidget\">\n\t<p style=\"text-align: right;\"><a href=\"https:\/\/www.peregrino.online\/de\/jakobswege\/silberstrase\/21-calzada-de-bejar-fuenterroble\/\">21.Calzada de Bejar\u2013Fuenterroble &gt;&gt;&gt;<\/a><\/p>\n<\/div>\n<\/div><\/div><\/div><\/div><div id=\"pg-14244-1\"  class=\"panel-grid panel-no-style\" ><div id=\"pgc-14244-1-0\"  class=\"panel-grid-cell\" ><div id=\"panel-14244-1-0-0\" class=\"so-panel widget widget_sow-editor panel-first-child extendedwopts-hide extendedwopts-desktop widgetopts-SO\" data-index=\"3\" ><div\n\t\t\t\n\t\t\tclass=\"so-widget-sow-editor so-widget-sow-editor-base\"\n\t\t\t\n\t\t>\n<div class=\"siteorigin-widget-tinymce textwidget\">\n\t<p><\/a><\/h3>\n<\/div>\n<\/div><\/div><div id=\"panel-14244-1-0-1\" class=\"so-panel widget widget_sow-editor panel-last-child extendedwopts-hide extendedwopts-desktop widgetopts-SO\" data-index=\"4\" ><div\n\t\t\t\n\t\t\tclass=\"so-widget-sow-editor so-widget-sow-editor-base\"\n\t\t\t\n\t\t>\n<div class=\"siteorigin-widget-tinymce textwidget\">\n\t<div style=\"display: flex; justify-content: space-between; align-items: center; width: 100%;\">\n<p><!-- Flechas <<<alineadas completamente a la izquierda --><\/alineadas><\/p>\n<div style=\"flex: 1; text-align: left;\"><a style=\"text-decoration: none;\" href=\"https:\/\/www.peregrino.online\/de\/jakobswege\/silberstrase\/19-aldeanueva-del-camino-banos-de-montemayor\/\">&lt;&lt;&lt;19<\/a><\/div>\n<p><!-- Palabra ETAPA centrada con un enlace --><\/p>\n<div style=\"flex: 1; text-align: center;\"><a style=\"text-decoration: none;\" href=\"https:\/\/www.peregrino.online\/de\/via-de-la-plata\/\"><\/a><\/div>\n<p><!-- Flechas>>> alineadas completamente a la derecha --><\/p>\n<div style=\"flex: 1; text-align: right;\"><a style=\"text-decoration: none;\" href=\"https:\/\/www.peregrino.online\/de\/jakobswege\/silberstrase\/21-calzada-de-bejar-fuenterroble\/\">21 &gt;&gt;&gt;<\/a><\/div>\n<\/div>\n<p>&nbsp;<\/p>\n<\/div>\n<\/div><\/div><\/div><\/div><div id=\"pg-14244-2\"  class=\"panel-grid panel-no-style\" ><div id=\"pgc-14244-2-0\"  class=\"panel-grid-cell\" ><div id=\"panel-14244-2-0-0\" class=\"so-panel widget widget_sow-editor panel-first-child widgetopts-SO\" data-index=\"5\" ><div\n\t\t\t\n\t\t\tclass=\"so-widget-sow-editor so-widget-sow-editor-base\"\n\t\t\t\n\t\t>\n<div class=\"siteorigin-widget-tinymce textwidget\">\n\t<h2 class=\"etapa-heading\">20.Ba\u00f1os de Montemayor\u2013Calzada de Bejar<\/h2>\n<\/div>\n<\/div><\/div><div id=\"panel-14244-2-0-1\" class=\"so-panel widget widget_sow-editor panel-last-child widgetopts-SO\" data-index=\"6\" ><div\n\t\t\t\n\t\t\tclass=\"so-widget-sow-editor so-widget-sow-editor-base\"\n\t\t\t\n\t\t>\n<div class=\"siteorigin-widget-tinymce textwidget\">\n\t<p><iframe loading=\"lazy\" src=\"https:\/\/www.google.com\/maps\/d\/embed?mid=1JXVuQYDyPTO7rphDCE71T0_QZrY&amp;ll\" width=\"1000\" height=\"480\"><\/iframe><\/p>\n<\/div>\n<\/div><\/div><\/div><\/div><div id=\"pg-14244-3\"  class=\"panel-grid panel-no-style\" ><div id=\"pgc-14244-3-0\"  class=\"panel-grid-cell\" ><div id=\"panel-14244-3-0-0\" class=\"so-panel widget widget_sow-editor panel-first-child widgetopts-SO\" data-index=\"7\" ><div\n\t\t\t\n\t\t\tclass=\"so-widget-sow-editor so-widget-sow-editor-base\"\n\t\t\t\n\t\t>\n<div class=\"siteorigin-widget-tinymce textwidget\">\n\t<h3 style=\"text-align: center;\"><strong>Herbergen der Etappe<\/strong><\/h3>\n<\/div>\n<\/div><\/div><div id=\"panel-14244-3-0-1\" class=\"widget_text so-panel widget widget_custom_html panel-last-child widgetopts-SO\" data-index=\"8\" ><div class=\"textwidget custom-html-widget\"><div class=\"custom-button-style\"><div class=\"listing-item\"><a class=\"title\" href=\"https:\/\/www.peregrino.online\/de\/silberstrase\/alojamientos\/albergue-de-peregrinos-puerto-de-bejar\/\">Puerto de Bejar<br>Km 3,2+100m<br>Pilgerherberge<\/a><\/div><div class=\"listing-item\"><a class=\"title\" href=\"https:\/\/www.peregrino.online\/de\/silberstrase\/alojamientos\/albergue-rural-alba-soraya-calzada-de-bejar\/\">Calzada de B\u00e9jar<br>Ende<br>L\u00e4ndliche Jugendherberge Alba Soraya<\/a><\/div><div class=\"listing-item\"><a class=\"title\" href=\"https:\/\/www.peregrino.online\/de\/silberstrase\/alojamientos\/casa-rural-alba-soraya-calzada-de-bejar\/\">Calzada de B\u00e9jar<br>Ende<br>Landhaus Alba-Soraya<\/a><\/div><div class=\"listing-item\"><a class=\"title\" href=\"https:\/\/www.peregrino.online\/de\/silberstrase\/alojamientos\/casa-rural-jorge-calzada-de-bejar\/\">Calzada de B\u00e9jar<br>Ende<br>Jorge Landhaus<\/a><\/div><div class=\"listing-item\"><a class=\"title\" href=\"https:\/\/www.peregrino.online\/de\/silberstrase\/alojamientos\/casa-rural-calzada-romana-calzada-de-bejar\/\">Calzada de B\u00e9jar<br>Ende<br>Calzada Romana Finca<\/a><\/div><\/div>\n<\/div><\/div><\/div><div id=\"pgc-14244-3-1\"  class=\"panel-grid-cell\" ><div id=\"panel-14244-3-1-0\" class=\"so-panel widget widget_sow-editor panel-first-child widgetopts-SO\" data-index=\"9\" ><div\n\t\t\t\n\t\t\tclass=\"so-widget-sow-editor so-widget-sow-editor-base\"\n\t\t\t\n\t\t>\n<div class=\"siteorigin-widget-tinymce textwidget\">\n\t<h3 style=\"text-align: center;\">20.Ba\u00f1os de Montemayor\u2013Calzada de Bejar<\/h3>\n<p><img decoding=\"async\" class=\"aligncenter\" style=\"width: 400px; height: 193px;\" src=\"https:\/\/peregrino.online\/camino-de-santiago\/via-de-la-plata\/fotos\/Perfiles\/20banoscalzada.jpg\" alt=\"20.Ba\u00f1os de Montemayor\u2013Calzada de Bejar\"><\/p>\n<\/div>\n<\/div><\/div><div id=\"panel-14244-3-1-1\" class=\"so-panel widget widget_sow-editor widgetopts-SO\" data-index=\"10\" ><div\n\t\t\t\n\t\t\tclass=\"so-widget-sow-editor so-widget-sow-editor-base\"\n\t\t\t\n\t\t>\n<div class=\"siteorigin-widget-tinymce textwidget\">\n\t<p>                    <center><\/p>\n<h3 class=\"ui-bar ui-bar-a\">Streckenabschnitte<\/h3>\n<p><\/center><\/p>\n<p><!--INICIO Streckenabschnitte--><\/p>\n<p style=\"text-align: justify;\">(1)Ba\u00f1os de Montemayor Herberge - (2)Tankstelle: 0-3,0 km<\/p>\n<p style=\"text-align: justify;\">(2)Tankstelle - (3)Kreuzung DSA 282 Stra\u00dfe: 3,0-7,1 (4,1 km)<\/p>\n<p style=\"text-align: justify;\">(3)Kreuzung DSA 282 Stra\u00dfe - (4)B\u00e9jar Stra\u00dfe: 7,1-12,4 (5,3 km)<\/p>\n<p><!--FIN Streckenabschnitte--><br \/>\n                    <center><\/p>\n<h3 class=\"ui-bar ui-bar-a\">Beschreibung<\/h3>\n<p><\/center><\/p>\n<p><!--INICIO Beschreibung ETAPA--> <\/p>\n<p style=\"text-align: justify;\"><b>Hinweis:<\/b> Wenn wir von Aldeanueva \u00fcber die Via Verde kommen, m\u00fcssen wir 4,1 km weitergehen, bis wir den Weg verlassen, um uns wieder mit dem offiziellen Weg zu verbinden.<\/p>\n<p style=\"text-align: justify;\">Wir verlassen die Herberge auf der Stra\u00dfe Catanar auf der linken Seite, bis wir schlie\u00dflich auf die N.630 kommen. Wenn wir nicht die Nacht in der Herberge verbracht haben gehen wir einfach weiter auf der Fahrstra\u00dfe N-630.<\/p>\n<p style=\"text-align: justify;\">Wir kommen an eine Kurve, die sehr steil ist. Wenn wir mit dem Fahrrad unterwegs sind, folgen wir der Fahrstra\u00dfe, die uns ohne weiteres, aber mit einer guten Steigung bis zur Tankstelle bringt. Wenn wir zu Fu\u00df gehen, m\u00fcssen wir in der Kurve der Fahrstra\u00dfe, auf der rechten Seite, einen gepflasterten Weg einschlagen, der sich Richtung des Hafens von Bejar empor hebt (foto 1 km 0,4). Der Weg kreuzt die Fahrstra\u00dfe 1,1 km nach der Kurve und kehrt ein weiteres Mal an die Fahrtstra\u00dfe zur\u00fcck bei km 1,6, um dann auf der Stra\u00dfe bis zur Tankstelle weiter zu gehen (foto 2 km 3,0). Von der Kurve aus sind es 2,4 km f\u00fcr die, die zu Fu\u00df unterwegs sind, und 3,4 km f\u00fcr die Fahrradfahrer. Man \u00fcberwindet 187 m an H\u00f6he.<\/p>\n<p style=\"text-align: justify;\">300 Meter nach der Tankstelle muss man nach links abbiegen (die Radfahrer sollten hier gut aufpassen, da sich viele Leute an dieser Stelle verfahren) (foto 3 km 3,2).<\/p>\n<p style=\"text-align: justify;\">Wir kommen unter der Autobahn durch, wo es ein gro\u00dfes und sch\u00f6nes Wandbild des Via de la Plata gibt (foto 4 km 3,6). Wir gehen weiter, jetzt befinden wir uns schon auf einem Weg aus Erde (foto 5 km 6,4), der bis zu km 7,1 bergab verl\u00e4uft (260 meter geht es bergab), wo der Weg sich mit einer kleinen Fahrstra\u00dfe vereint (DSA-282), welche wir nun rechter Hand nehmen (foto 6 km 7,1). Wir gehen die Fahrstra\u00dfe (foto 7 km 9,2) die n\u00e4chsten 3,5 km weiter, es geht leicht bergauf, bis wir zu einer H\u00e4usergruppe kommen. (foto 8 km 10,7).<\/p>\n<p style=\"text-align: justify;\">Wenn du zu Fu\u00df gehst, musst du nun links abbiegen, zwischen zwei H\u00e4usern hindurch, wo der Weg mit einer heftigen Steigung beginnt. Mit dem Fahrrad geht es auf der Fahrstra\u00dfe weiter, bis man zum Schild Calzada de Bejar 1 km kommt (in wirklichkeit sind es 1,7 km) (foto 9). Die Steigung ist 100 Meter und beinhalten stark ansteigende Abschnitte. Wenn du auf dem Weg unterwegs bist, wirst du direkt auf dem selben Weg an die Herberge kommen, sie liegt auf der linken Seite. Wenn du auf der Fahrstra\u00dfe f\u00e4hrst, musst du, wenn du zum Dorf kommst, nach links abbiegen Richtung Herberge.<\/p>\n<\/div>\n<\/div><\/div><div id=\"panel-14244-3-1-2\" class=\"so-panel widget widget_sow-editor widgetopts-SO\" data-index=\"11\" ><div\n\t\t\t\n\t\t\tclass=\"so-widget-sow-editor so-widget-sow-editor-base\"\n\t\t\t\n\t\t>\n<div class=\"siteorigin-widget-tinymce textwidget\">\n\t<h3 style=\"text-align: center;\">Fotos<\/h3>\n<\/div>\n<\/div><\/div><div id=\"panel-14244-3-1-3\" class=\"so-panel widget widget_sow-editor panel-last-child widgetopts-SO\" data-index=\"12\" ><div\n\t\t\t\n\t\t\tclass=\"so-widget-sow-editor so-widget-sow-editor-base\"\n\t\t\t\n\t\t>\n<div class=\"siteorigin-widget-tinymce textwidget\">\n\t<p>\t\t<center><img decoding=\"async\" src=\"https:\/\/peregrino.online\/camino-de-santiago\/via-de-la-plata\/fotos\/20\/small\/1km0,4.jpg\"><\/center><br \/>\n        <center><\/p>\n<h5 class=\"ui-bar ui-bar-a\">1 km 0,4<\/h5>\n<p><\/center><br \/>\n        <center><img decoding=\"async\" src=\"https:\/\/peregrino.online\/camino-de-santiago\/via-de-la-plata\/fotos\/20\/small\/2km3,0.jpg\"> <\/center><br \/>\n        <center><\/p>\n<h5 class=\"ui-bar ui-bar-a\">2 km 3,0<\/h5>\n<p><\/center><br \/>\n        <center><img decoding=\"async\" src=\"https:\/\/peregrino.online\/camino-de-santiago\/via-de-la-plata\/fotos\/20\/small\/3km4,3.jpg\"> <\/center><br \/>\n        <center><\/p>\n<h5 class=\"ui-bar ui-bar-a\">3 km 4,3 km<\/h5>\n<p><\/center><br \/>\n        <center><img decoding=\"async\" src=\"https:\/\/peregrino.online\/camino-de-santiago\/via-de-la-plata\/fotos\/20\/small\/4km4,6.jpg\"><\/center><br \/>\n\t\t<center><\/p>\n<h5 class=\"ui-bar ui-bar-a\">4 km 4,6 km<\/h5>\n<p><\/center><br \/>\n        <center><img decoding=\"async\" src=\"https:\/\/peregrino.online\/camino-de-santiago\/via-de-la-plata\/fotos\/20\/small\/5km7,4.jpg\"> <\/center><br \/>\n        <center><\/p>\n<h5 class=\"ui-bar ui-bar-a\">5 km 7,4 km<\/h5>\n<p><\/center><br \/>\n        <center><img decoding=\"async\" src=\"https:\/\/peregrino.online\/camino-de-santiago\/via-de-la-plata\/fotos\/20\/small\/6Km8,1.jpg\"> <\/center><br \/>\n        <center><\/p>\n<h5 class=\"ui-bar ui-bar-a\">6 km 8,1 km<\/h5>\n<p><\/center><br \/>\n        <center><img decoding=\"async\" src=\"https:\/\/peregrino.online\/camino-de-santiago\/via-de-la-plata\/fotos\/20\/small\/7km10,2.jpg\"><\/center><br \/>\n\t\t<center><\/p>\n<h5 class=\"ui-bar ui-bar-a\">7 km 10,2 km<\/h5>\n<p><\/center><br \/>\n        <center><img decoding=\"async\" src=\"https:\/\/peregrino.online\/camino-de-santiago\/via-de-la-plata\/fotos\/20\/small\/8Km11,7.jpg\"> <\/center><br \/>\n        <center><\/p>\n<h5 class=\"ui-bar ui-bar-a\">8 km 11,7 km<\/h5>\n<p><\/center><br \/>\n        <center><img decoding=\"async\" src=\"https:\/\/peregrino.online\/camino-de-santiago\/via-de-la-plata\/fotos\/20\/small\/9Km12,1.jpg\"> <\/center><br \/>\n        <center><\/p>\n<h5 class=\"ui-bar ui-bar-a\">9 km 12,1<\/h5>\n<p><\/center><br \/>\n         <center><img decoding=\"async\" src=\"https:\/\/peregrino.online\/camino-de-santiago\/via-de-la-plata\/fotos\/20\/small\/km0.jpg\"> <\/center><br \/>\n        <center><\/p>\n<h5 class=\"ui-bar ui-bar-a\">Startseite Via Verde<\/h5>\n<p><\/center><br \/>\n        <center><img decoding=\"async\" src=\"https:\/\/peregrino.online\/camino-de-santiago\/via-de-la-plata\/fotos\/20\/small\/km4,1.jpg\"> <\/center><br \/>\n        <center><\/p>\n<h5 class=\"ui-bar ui-bar-a\">Ende Gr\u00fcner Weg Km 4,1<\/h5>\n<p><\/center><\/p>\n<\/div>\n<\/div><\/div><\/div><\/div><\/div>","protected":false},"excerpt":{"rendered":"<p>&lt;&lt;&lt; 19.Aldeanueva del Camino-Ba\u00f1os de Montemayor Via de la Plata 21.Calzada de Bejar\u2013Fuenterroble &gt;&gt;&gt; &lt;&lt;&lt;19 21 &gt;&gt;&gt; &nbsp;<\/p>\n","protected":false},"author":1,"featured_media":0,"comment_status":"closed","ping_status":"closed","sticky":false,"template":"","format":"standard","meta":{"footnotes":""},"categories":[53],"tags":[],"class_list":["post-14244","post","type-post","status-publish","format-standard","hentry","category-silberstrase"],"_links":{"self":[{"href":"https:\/\/www.peregrino.online\/de\/wp-json\/wp\/v2\/posts\/14244","targetHints":{"allow":["GET"]}}],"collection":[{"href":"https:\/\/www.peregrino.online\/de\/wp-json\/wp\/v2\/posts"}],"about":[{"href":"https:\/\/www.peregrino.online\/de\/wp-json\/wp\/v2\/types\/post"}],"author":[{"embeddable":true,"href":"https:\/\/www.peregrino.online\/de\/wp-json\/wp\/v2\/users\/1"}],"replies":[{"embeddable":true,"href":"https:\/\/www.peregrino.online\/de\/wp-json\/wp\/v2\/comments?post=14244"}],"version-history":[{"count":0,"href":"https:\/\/www.peregrino.online\/de\/wp-json\/wp\/v2\/posts\/14244\/revisions"}],"wp:attachment":[{"href":"https:\/\/www.peregrino.online\/de\/wp-json\/wp\/v2\/media?parent=14244"}],"wp:term":[{"taxonomy":"category","embeddable":true,"href":"https:\/\/www.peregrino.online\/de\/wp-json\/wp\/v2\/categories?post=14244"},{"taxonomy":"post_tag","embeddable":true,"href":"https:\/\/www.peregrino.online\/de\/wp-json\/wp\/v2\/tags?post=14244"}],"curies":[{"name":"wp","href":"https:\/\/api.w.org\/{rel}","templated":true}]}}